[
    {
        "Nome": "DECRETO LEGISLATIVO N\u00ba 10, DE 21 DE SETEMBRO DE 2025",
        "Numero": "10",
        "Exercicio": "2025",
        "Descricao": "<br>"
    },
    {
        "Nome": "DECRETO LEGISLATIVO N\u00ba 11, DE 24 DE OUTUBRO DE 2025",
        "Numero": "11",
        "Exercicio": "2025",
        "Descricao": "<br>"
    },
    {
        "Nome": "DECRETO LEGISLATIVO N\u00ba 12, DE 19 DE NOVEMBRO DE 2025",
        "Numero": "12",
        "Exercicio": "2025",
        "Descricao": "<br>"
    },
    {
        "Nome": "DECRETO LEGISLATIVO N\u00ba 13\/2025, DE 23 DE DEZEMBRO DE 2025",
        "Numero": "13",
        "Exercicio": "2025",
        "Descricao": "<br>"
    },
    {
        "Nome": "DECRETO LEGISLATIVO N\u00ba 01, DE 13 DE FEVEREIRO DE 2026",
        "Numero": "01",
        "Exercicio": "2026",
        "Descricao": "<br>"
    },
    {
        "Nome": "DECRETO LEGISLATIVO N\u00ba 02, DE 03 DE MAR\u00c7O DE 2026",
        "Numero": "02",
        "Exercicio": "2026",
        "Descricao": "<br>"
    },
    {
        "Nome": "DECRETO LEGISLATIVO N\u00ba 03, DE 01 DE ABRIL DE 2026",
        "Numero": "03",
        "Exercicio": "2026",
        "Descricao": "<br>"
    },
    {
        "Nome": "DECRETO LEGISLATIVO N\u00b0 11, DE 24 DE OUTUBRO DE 2025",
        "Numero": "11",
        "Exercicio": "2025",
        "Descricao": "<br>"
    },
    {
        "Nome": "DECRETO LEGISLATIVO N\u00b0 10, DE 21 DE SETEMBRO DE 2025",
        "Numero": "10",
        "Exercicio": "2025",
        "Descricao": "<br>"
    },
    {
        "Nome": "DECRETO LEGISLATIVO N\u00b0 09, DE 18 DE JULHO DE 2025",
        "Numero": "09",
        "Exercicio": "2025",
        "Descricao": "<br>"
    },
    {
        "Nome": "DECRETO LEGISLATIVO N\u00b0 08, DE 18 DE JUNHO DE 2025.",
        "Numero": "08",
        "Exercicio": "2025",
        "Descricao": "<br>"
    },
    {
        "Nome": "DECRETO LEGISLATIVO N\u00b0 07, DE 05 DE JUNHO DE 2025",
        "Numero": "07",
        "Exercicio": "2025",
        "Descricao": "<br>"
    },
    {
        "Nome": "DECRETO LEGISLATIVO N\u00b0 06, DE 13 DE MAIO DE 2025",
        "Numero": "06",
        "Exercicio": "2025",
        "Descricao": "<br>"
    },
    {
        "Nome": "DECRETO LEGISLATIVO N\u00b0 05\/2025 - PONTO FACULTATIVO",
        "Numero": "05",
        "Exercicio": "2025",
        "Descricao": "<br>"
    },
    {
        "Nome": "DECRETO LEGISLATIVO N\u00ba 04\/2025 - PONTO FACULTATIVO SEMANA SANTA",
        "Numero": "04",
        "Exercicio": "2025",
        "Descricao": "<br>"
    },
    {
        "Nome": "DECRETO LEGISLATIVO N\u00ba 03\/2025 - PONTO FACULTATIVO CARNAVAL",
        "Numero": "03",
        "Exercicio": "2025",
        "Descricao": "<br>"
    },
    {
        "Nome": "DECRETO LEGISLATIVO N\u00ba 02\/2025 - LUTO OFICIAL",
        "Numero": "02",
        "Exercicio": "2025",
        "Descricao": "<br>"
    },
    {
        "Nome": "DECRETO LEGISLATIVO N\u00ba 01\/2025 - EXONERA\u00c7\u00c3O",
        "Numero": "01",
        "Exercicio": "2025",
        "Descricao": "<br>"
    },
    {
        "Nome": "DECRETO LEGISLATIVO N\u00ba 06\/2024 - RECESSO",
        "Numero": "006",
        "Exercicio": "2024",
        "Descricao": "DECRETO LEGISLATIVO N\u00ba 006\/2024, DE 20 DE DEZEMBRO DE 2024.\r\nO PRESIDENTE DA C\u00c2MARA MUNICIPAL DE A\u00c7AIL\u00c2NDIA, Estado do \r\nMaranh\u00e3o, no uso de suas atribui\u00e7\u00f5es legais e regimentais,\r\nCONSIDERANDO a necessidade de estabelecer o per\u00edodo de recesso parlamentar, \r\nconforme previsto no Regimento Interno da C\u00e2mara Municipal de A\u00e7ail\u00e2ndia, Art. 4\u00ba da \r\nResolu\u00e7\u00e3o n\u00ba 001\/92,\r\nCONSIDERANDO a necessidade de dar continuidade \u00e0s atividades essenciais \r\ndurante o per\u00edodo de recesso parlamentar;\r\nDECRETA:\r\nArt. 1\u00ba - Fica estabelecido o recesso parlamentar da C\u00e2mara Municipal de A\u00e7ail\u00e2ndia, \r\nno per\u00edodo compreendido entre os dias 22\/12\/2024 a 02\/02\/2025, com retorno \u00e0s atividades \r\nregulares no dia 03\/02\/2025.\r\nArt. 2\u00ba - Durante o recesso parlamentar, a C\u00e2mara Municipal operar\u00e1 em regime de \r\nhome office para atender \u00e0s demandas essenciais.\r\nPar\u00e1grafo \u00fanico. Os seguintes setores dever\u00e3o permanecer de sobreaviso e poder\u00e3o \r\nser convocados para trabalho presencial, caso necess\u00e1rio:\r\nI \u2013 Setor Administrativo; Financeiro; Procuradoria; Secretaria; Comiss\u00e3o Permanente \r\nde Licita\u00e7\u00e3o (CPL); Assessoria de Comunica\u00e7\u00e3o.\r\nII \u2013 A C\u00e2mara Municipal disponibilizar\u00e1 e-mail institucional \r\nascom@cmacailandia.ma.gov.br para o envio de demandas e comunica\u00e7\u00f5es ao longo do \r\nrecesso.\r\nArt. 3\u00ba - Ficam mantidos os prazos regimentais para a realiza\u00e7\u00e3o de sess\u00f5es e \r\ndemais atividades legislativas, que ser\u00e3o retomados imediatamente ap\u00f3s o t\u00e9rmino do \r\nrecesso. Caso haja necessidade, poder\u00e1 ser realizada convoca\u00e7\u00e3o de sess\u00e3o extraordin\u00e1ria, \r\nobservando-se os procedimentos regimentais estabelecidos.\r\nArt. 4\u00ba - Este decreto entra em vigor na data de sua publica\u00e7\u00e3o, revogando-se as \r\ndisposi\u00e7\u00f5es em contr\u00e1rio.\r\nD\u00ea-se ci\u00eancia, publique-se e cumpra-se.\r\nGabinete da Presid\u00eancia da C\u00e2mara Municipal de A\u00e7ail\u00e2ndia, Estado do Maranh\u00e3o, \r\naos 20 (vinte) dias do m\u00eas de dezembro do ano de 2024 (dois mil e vinte quatro).\r\nFELIBERG MELO SOUSA\r\nPresidente da C\u00e2mara Municipa"
    },
    {
        "Nome": "DECRETO N\u00b0 005\/2024 - RECESSO",
        "Numero": "005",
        "Exercicio": "2024",
        "Descricao": "<p class=\"MsoNormal\"><b><span style=\"font-size:11.5pt;font-family:&quot;Arial&quot;,sans-serif\">DECRETO LEGISLATIVO N\u00ba 005\/2024,\r\nDE 16 DE JULHO DE 2024.<o:p><\/o:p><\/span><\/b><\/p>\r\n\r\n<p class=\"MsoNormal\" align=\"center\" style=\"text-align:center\"><b><span style=\"font-size:11.5pt;font-family:&quot;Arial&quot;,sans-serif\">&nbsp;<\/span><\/b><\/p>\r\n\r\n<p class=\"MsoNormal\" align=\"center\" style=\"text-align:center\"><span style=\"font-size:11.5pt;font-family:&quot;Arial&quot;,sans-serif\">&nbsp;<\/span><\/p>\r\n\r\n<p class=\"MsoNormal\" style=\"text-align:justify;text-indent:42.55pt;line-height:\r\n115%\"><b><span style=\"font-size:11.5pt;\r\nline-height:115%;font-family:&quot;Arial&quot;,sans-serif\">O PRESIDENTE DA C\u00c2MARA\r\nMUNICIPAL DE A\u00c7AIL\u00c2NDIA<\/span><\/b><span style=\"font-size:11.5pt;line-height:\r\n115%;font-family:&quot;Arial&quot;,sans-serif\">, Estado do Maranh\u00e3o, no uso de suas\r\natribui\u00e7\u00f5es legais e regimentais,<o:p><\/o:p><\/span><\/p>\r\n\r\n<p class=\"MsoNormal\" style=\"text-align:justify;text-indent:42.55pt;line-height:\r\n115%\"><b><span style=\"font-size:11.5pt;\r\nline-height:115%;font-family:&quot;Arial&quot;,sans-serif\">&nbsp;<\/span><\/b><\/p>\r\n\r\n<p class=\"MsoNormal\" style=\"text-align:justify;text-indent:42.55pt;line-height:\r\n115%\"><b><span style=\"font-size:11.5pt;\r\nline-height:115%;font-family:&quot;Arial&quot;,sans-serif\">CONSIDERANDO&nbsp; <\/span><\/b><span style=\"font-size:11.5pt;\r\nline-height:115%;font-family:&quot;Arial&quot;,sans-serif\">a necessidade de estabelecer o\r\nper\u00edodo de recesso parlamentar, conforme previsto no Regimento Interno da\r\nC\u00e2mara Municipal de A\u00e7ail\u00e2ndia, Art. 4\u00ba da Resolu\u00e7\u00e3o n\u00ba 001\/92,<o:p><\/o:p><\/span><\/p>\r\n\r\n<p class=\"MsoNormal\" style=\"text-align:justify\"><span style=\"font-size:11.5pt;\r\nfont-family:&quot;Arial&quot;,sans-serif\">&nbsp;<\/span><\/p>\r\n\r\n<p class=\"MsoNormal\" style=\"text-align:justify;text-indent:42.55pt\"><b><span style=\"font-size:11.5pt;font-family:\r\n&quot;Arial&quot;,sans-serif\">CONSIDERANDO&nbsp; <\/span><\/b><span style=\"font-size:11.5pt;font-family:&quot;Arial&quot;,sans-serif;mso-bidi-font-weight:\r\nbold\">a necessidade de dar continuidade \u00e0s atividades essenciais durante o\r\nper\u00edodo de recesso parlamentar;<o:p><\/o:p><\/span><\/p>\r\n\r\n<p class=\"MsoNormal\" style=\"text-align:justify\"><b><span style=\"font-size:11.5pt;font-family:&quot;Arial&quot;,sans-serif\">&nbsp;<\/span><\/b><\/p>\r\n\r\n<p class=\"MsoNormal\" style=\"text-align:justify\"><b><span style=\"font-size:11.5pt;font-family:&quot;Arial&quot;,sans-serif\">&nbsp;<\/span><\/b><\/p>\r\n\r\n<p class=\"MsoNormal\" align=\"center\" style=\"text-align:center\"><b><span style=\"font-size:11.5pt;font-family:&quot;Arial&quot;,sans-serif\">DECRETA:<o:p><\/o:p><\/span><\/b><\/p>\r\n\r\n<p class=\"MsoNormal\" style=\"text-align:justify\"><b><span style=\"font-size:11.5pt;font-family:&quot;Arial&quot;,sans-serif\">&nbsp;<\/span><\/b><\/p>\r\n\r\n<p class=\"MsoNormal\" style=\"text-align:justify;text-indent:42.55pt\"><b><span style=\"font-size:11.5pt;font-family:\r\n&quot;Arial&quot;,sans-serif\">Art. 1\u00ba -<\/span><\/b><span style=\"font-size:11.5pt;\r\nfont-family:&quot;Arial&quot;,sans-serif\"> Fica estabelecido o recesso parlamentar da\r\nC\u00e2mara Municipal de A\u00e7ail\u00e2ndia, no per\u00edodo compreendido entre os dias 18 a 31\r\nde julho de 2024.<o:p><\/o:p><\/span><\/p>\r\n\r\n<p class=\"MsoNormal\" style=\"text-align:justify;text-indent:42.55pt\"><span style=\"font-size:11.5pt;font-family:&quot;Arial&quot;,sans-serif\">&nbsp;<\/span><\/p>\r\n\r\n<p class=\"MsoNormal\" style=\"text-align:justify;text-indent:42.55pt\"><b><span style=\"font-size:11.5pt;font-family:&quot;Arial&quot;,sans-serif\">Art. 2\u00ba -<\/span><\/b><span style=\"font-size:11.5pt;font-family:&quot;Arial&quot;,sans-serif\"> Durante o recesso, a\r\nC\u00e2mara Municipal cumprir\u00e1 expediente em home\r\noffice, a fim de garantir assist\u00eancia \u00e0s demandas essenciais.<o:p><\/o:p><\/span><\/p>\r\n\r\n<p class=\"MsoNormal\" style=\"text-align:justify;text-indent:42.55pt\"><span style=\"font-size:11.5pt;font-family:&quot;Arial&quot;,sans-serif\">&nbsp;<o:p><\/o:p><\/span><\/p>\r\n\r\n<p class=\"MsoNormal\" style=\"text-align:justify;text-indent:42.55pt\"><b><span style=\"font-size:11.5pt;font-family:&quot;Arial&quot;,sans-serif\">I -<\/span><\/b><span style=\"font-size:11.5pt;font-family:&quot;Arial&quot;,sans-serif\"> &nbsp;Os setores\r\nAdministrativo, Financeiro, Procuradoria e a Comiss\u00e3o Parlamentar Licitante\r\n(CPL), ficar\u00e3o trabalhando em home office, podendo ser convocados ao trabalho\r\nnesta C\u00e2mara caso seja necess\u00e1rio.<o:p><\/o:p><\/span><\/p>\r\n\r\n<p class=\"MsoNormal\" style=\"text-align:justify;text-indent:42.55pt\"><span style=\"font-size:11.5pt;font-family:&quot;Arial&quot;,sans-serif\">&nbsp;<\/span><\/p>\r\n\r\n<p class=\"MsoNormal\" style=\"text-align:justify;text-indent:42.55pt\"><b><span style=\"font-size:11.5pt;font-family:&quot;Arial&quot;,sans-serif\">II - <\/span><\/b><span style=\"font-size:11.5pt;font-family:&quot;Arial&quot;,sans-serif\">A C\u00e2mara Municipal\r\ndisponibiliza o e-mail institucional <span class=\"MsoHyperlink\"><a href=\"mailto:ascom@cmacailandia.ma.gov.br\">ascom@cmacailandia.ma.gov.br<\/a><\/span>\r\npara o envio de demandas.<o:p><\/o:p><\/span><\/p>\r\n\r\n<p class=\"MsoNormal\" style=\"text-align:justify\"><span style=\"font-size:11.5pt;\r\nfont-family:&quot;Arial&quot;,sans-serif\">&nbsp;<\/span><\/p>\r\n\r\n<p class=\"MsoNormal\" style=\"text-align:justify;text-indent:42.55pt;line-height:\r\n115%\"><b><span style=\"font-size:11.5pt;\r\nline-height:115%;font-family:&quot;Arial&quot;,sans-serif\">Art. 3\u00ba - <\/span><\/b><span style=\"font-size:11.5pt;line-height:115%;font-family:&quot;Arial&quot;,sans-serif;\r\nmso-bidi-font-weight:bold\">Ficam mantidos os prazos regimentais para a\r\nrealiza\u00e7\u00e3o de sess\u00f5es e demais atividades legislativas, que ser\u00e3o retomadas\r\nimediatamente ap\u00f3s o t\u00e9rmino do recesso.<\/span><b><span style=\"font-size:11.5pt;line-height:115%;font-family:&quot;Arial&quot;,sans-serif\"><o:p><\/o:p><\/span><\/b><\/p>\r\n\r\n<p class=\"MsoNormal\" style=\"text-align:justify;text-indent:42.55pt;line-height:\r\n115%\"><b><span style=\"font-size:11.5pt;\r\nline-height:115%;font-family:&quot;Arial&quot;,sans-serif\">&nbsp;<\/span><\/b><\/p>\r\n\r\n<p class=\"MsoNormal\" style=\"text-align:justify;text-indent:42.55pt;line-height:\r\n115%\"><b><span style=\"font-size:11.5pt;\r\nline-height:115%;font-family:&quot;Arial&quot;,sans-serif\">Art. 4\u00ba -<\/span><\/b><span style=\"font-size:11.5pt;line-height:115%;font-family:&quot;Arial&quot;,sans-serif\"> Este\r\ndecreto entra em vigor na data de sua publica\u00e7\u00e3o, revogando-se as disposi\u00e7\u00f5es\r\nem contr\u00e1rio.<o:p><\/o:p><\/span><\/p>\r\n\r\n<p class=\"MsoNormal\" style=\"text-align:justify;text-indent:1.0cm;line-height:\r\n115%\"><span style=\"font-size:11.5pt;line-height:115%;font-family:&quot;Arial&quot;,sans-serif;\r\nmso-bidi-font-weight:bold\">&nbsp;<\/span><\/p>\r\n\r\n<p class=\"MsoNormal\" style=\"text-align:justify;text-indent:42.55pt;line-height:\r\n115%\"><span style=\"font-size:11.5pt;line-height:115%;font-family:&quot;Arial&quot;,sans-serif\">D\u00ea-se\r\nci\u00eancia, publique-se e cumpra-se.<o:p><\/o:p><\/span><\/p>\r\n\r\n<p class=\"MsoNormal\" style=\"text-align:justify;text-indent:42.55pt;line-height:\r\n115%\"><span style=\"font-size:11.5pt;line-height:115%;font-family:&quot;Arial&quot;,sans-serif;\r\nmso-bidi-font-weight:bold\">&nbsp;<\/span><\/p>\r\n\r\n<p class=\"MsoNormal\" style=\"text-align:justify;text-indent:42.55pt;line-height:\r\n115%\"><span style=\"font-size:11.5pt;line-height:115%;font-family:&quot;Arial&quot;,sans-serif;\r\nmso-bidi-font-weight:bold\">&nbsp;<\/span><\/p>\r\n\r\n<p class=\"MsoNormal\" style=\"text-align:justify;text-indent:42.55pt;line-height:\r\n115%\"><span style=\"font-size:11.5pt;line-height:115%;font-family:&quot;Arial&quot;,sans-serif;\r\nmso-bidi-font-weight:bold\">Gabinete da Presid\u00eancia da C\u00e2mara Municipal de\r\nA\u00e7ail\u00e2ndia, Estado do Maranh\u00e3o, aos 16 (dezesseis) dias do m\u00eas de julho do ano\r\nde 2024<\/span><span style=\"font-size:11.5pt;line-height:115%\"> <\/span><span style=\"font-size:11.5pt;line-height:115%;font-family:&quot;Arial&quot;,sans-serif;\r\nmso-bidi-font-weight:bold\">(dois mil e vinte quatro).<o:p><\/o:p><\/span><\/p>\r\n\r\n<p class=\"MsoNormal\"><span style=\"font-size:11.5pt;\r\nfont-family:&quot;Arial&quot;,sans-serif\">&nbsp;&nbsp;&nbsp;&nbsp;&nbsp;&nbsp;&nbsp;&nbsp;&nbsp;&nbsp;&nbsp;&nbsp;&nbsp;&nbsp;&nbsp;&nbsp;&nbsp;&nbsp;&nbsp;&nbsp;&nbsp;&nbsp; <o:p><\/o:p><\/span><\/p>\r\n\r\n<p class=\"MsoNormal\"><span style=\"font-size:11.5pt;\r\nfont-family:&quot;Arial&quot;,sans-serif\">&nbsp;<\/span><\/p>\r\n\r\n<p class=\"MsoNormal\" align=\"center\" style=\"text-align:center\"><span style=\"font-size:11.5pt;font-family:&quot;Arial&quot;,sans-serif\">&nbsp;<\/span><\/p>\r\n\r\n<p class=\"MsoNormal\" align=\"center\" style=\"text-align:center\"><b><span style=\"font-size:11.5pt;font-family:&quot;Arial&quot;,sans-serif\">FELIBERG\r\nMELO SOUSA<o:p><\/o:p><\/span><\/b><\/p>\r\n\r\n<p class=\"MsoNormal\" align=\"center\" style=\"text-align:center\"><b><span style=\"font-size:11.5pt;font-family:&quot;Arial&quot;,sans-serif\">Presidente\r\nda C\u00e2mara Municipal<o:p><\/o:p><\/span><\/b><\/p>"
    },
    {
        "Nome": "DECRETO N\u00b0 04\/2024 - PONTO FACULTATIVO",
        "Numero": "04",
        "Exercicio": "2024",
        "Descricao": "<p class=\"MsoNormal\"><b><span style=\"font-size:12.0pt;font-family:\" arial\",sans-serif\"=\"\">DECRETO N\u00ba 04, DE 04 DE\r\nJUNHO DE 2024.<o:p><\/o:p><\/span><\/b><\/p>\r\n\r\n<p class=\"MsoNormal\" align=\"center\" style=\"text-align:center\"><b><span style=\"font-size:13.0pt;font-family:\" arial\",sans-serif\"=\"\">&nbsp;<\/span><\/b><\/p>\r\n\r\n<p class=\"MsoNormal\" style=\"text-align:justify\"><span style=\"font-size:12.0pt;\r\nfont-family:\" arial\",sans-serif\"=\"\">&nbsp;<\/span><\/p>\r\n\r\n<p class=\"MsoNormal\" style=\"margin-left:241.0pt;text-align:justify\"><i><span style=\"font-size:11.0pt;font-family:\r\n\" arial\",sans-serif\"=\"\">&nbsp;\u201cFica Decretado ponto\r\nfacultativo no \u00e2mbito da C\u00e2mara Municipal de Vereadores do munic\u00edpio de A\u00e7ail\u00e2ndia\r\n\u2013 MA e d\u00e1 outras provid\u00eancias<\/span><\/i><i><span style=\"font-family:\" arial\",sans-serif\"=\"\">\u201d.<\/span><\/i><i><span style=\"font-size:11.0pt;font-family:\" arial\",sans-serif\"=\"\"><o:p><\/o:p><\/span><\/i><\/p>\r\n\r\n<p class=\"MsoNormal\" style=\"margin-left:205.55pt;text-align:justify;text-indent:\r\n-7.1pt\"><span style=\"font-size:12.0pt;font-family:\" arial\",sans-serif\"=\"\">&nbsp;<\/span><\/p>\r\n\r\n<p class=\"MsoNormal\" style=\"text-align:justify\"><b><span style=\"font-size:12.0pt;font-family:\" arial\",sans-serif\"=\"\">&nbsp;<\/span><\/b><\/p>\r\n\r\n<p class=\"MsoNormal\" style=\"text-align:justify;text-indent:35.45pt\"><b><span style=\"font-size:12.0pt;font-family:\r\n\" arial\",sans-serif\"=\"\">O PRESIDENTE DA C\u00c2MARA MUNICIPAL DE A\u00c7AIL\u00c2NDIA<\/span><\/b><span style=\"font-size:12.0pt;font-family:\" arial\",sans-serif\"=\"\">, Estado do Maranh\u00e3o,\r\nno uso de suas atribui\u00e7\u00f5es legais conferidas pelo Regimento Interno e Lei\r\nOrg\u00e2nica do Munic\u00edpio.<o:p><\/o:p><\/span><\/p>\r\n\r\n<p class=\"MsoNormal\" style=\"text-align:justify\"><span style=\"font-size:12.0pt;\r\nfont-family:\" arial\",sans-serif\"=\"\">&nbsp;<\/span><\/p>\r\n\r\n<p class=\"MsoNormal\" style=\"text-align:justify\"><b><span style=\"font-size:12.0pt;font-family:\" arial\",sans-serif\"=\"\">&nbsp;<\/span><\/b><\/p>\r\n\r\n<p class=\"MsoNormal\" align=\"center\" style=\"text-align:center\"><b><span style=\"font-size:12.0pt;font-family:\" arial\",sans-serif\"=\"\">D E C R E\r\nT A :<o:p><\/o:p><\/span><\/b><\/p>\r\n\r\n<p class=\"MsoNormal\" style=\"text-align:justify\"><b><span style=\"font-size:12.0pt;font-family:\" arial\",sans-serif\"=\"\">&nbsp;<\/span><\/b><\/p>\r\n\r\n<p class=\"MsoNormal\" style=\"text-align:justify;text-indent:1.0cm\"><b><span style=\"font-size:12.0pt;font-family:\r\n\" arial\",sans-serif\"=\"\">Art. 1\u00ba <\/span><\/b><span style=\"font-size:12.0pt;\r\nfont-family:\" arial\",sans-serif\"=\"\">- Fica decretado ponto facultativo na C\u00e2mara\r\nMunicipal de A\u00e7ail\u00e2ndia:<o:p><\/o:p><\/span><\/p>\r\n\r\n<p class=\"MsoNormal\" style=\"margin-left:1.0cm;text-align:justify;text-indent:\r\n1.0cm\"><span style=\"font-size:12.0pt;font-family:\" arial\",sans-serif\"=\"\">&nbsp;<\/span><\/p>\r\n\r\n<p class=\"MsoNormal\" style=\"margin-left:42.55pt;text-align:justify;text-indent:\r\n1.0cm\"><span style=\"font-size:12.0pt;font-family:\" arial\",sans-serif\"=\"\">06 de\r\njunho \u2013 Quinta-feira, Dia do Munic\u00edpio, Feriado Municipal;<o:p><\/o:p><\/span><\/p>\r\n\r\n<p class=\"MsoNormal\" style=\"margin-left:42.55pt;text-align:justify;text-indent:\r\n1.0cm\"><span style=\"font-size:12.0pt;font-family:\" arial\",sans-serif\"=\"\">07 de\r\njunho \u2013 Sexta-feira, Ponto Facultativo.<o:p><\/o:p><\/span><\/p>\r\n\r\n<p class=\"MsoNormal\" style=\"margin-left:1.0cm;text-align:justify\"><b><span style=\"font-size:12.0pt;font-family:\r\n\" arial\",sans-serif\"=\"\">&nbsp;<\/span><\/b><\/p>\r\n\r\n<p class=\"MsoNormal\" style=\"margin-left:1.0cm;text-align:justify\"><b><span style=\"font-size:12.0pt;font-family:\r\n\" arial\",sans-serif\"=\"\">Par\u00e1grafo \u00fanico<\/span><\/b><span style=\"font-size:12.0pt;\r\nfont-family:\" arial\",sans-serif\"=\"\">: Entretanto, no per\u00edodo acima compreendido, os\r\nservidores da <\/span><span style=\"font-size:11.5pt;font-family:\" arial\",sans-serif;=\"\" mso-bidi-font-weight:bold\"=\"\">Comiss\u00e3o Permanente de Licita\u00e7\u00e3o - CPL<\/span><span style=\"font-size:12.0pt;font-family:\" arial\",sans-serif\"=\"\">, Financeiro,\r\nProcuradoria e Administrativo, ficar\u00e3o trabalhando em Home Office, podendo ser\r\nconvocados ao trabalho nesta C\u00e2mara caso seja necess\u00e1rio.<o:p><\/o:p><\/span><\/p>\r\n\r\n<p class=\"MsoNormal\" style=\"text-align:justify;text-indent:1.0cm\"><span style=\"font-size:12.0pt;font-family:\" arial\",sans-serif\"=\"\">&nbsp;<\/span><\/p>\r\n\r\n<p class=\"MsoNormal\" style=\"text-align:justify;text-indent:1.0cm\"><b><span style=\"font-size:12.0pt;font-family:\r\n\" arial\",sans-serif\"=\"\">Art. 2\u00ba<\/span><\/b><span style=\"font-size:12.0pt;font-family:\r\n\" arial\",sans-serif\"=\"\"> - Este Decreto entrar\u00e1 em vigor na data de sua publica\u00e7\u00e3o\r\nde 2024, revogando-se todas as disposi\u00e7\u00f5es em contr\u00e1rio.<o:p><\/o:p><\/span><\/p>\r\n\r\n<p class=\"MsoNormal\" style=\"text-align:justify;text-indent:1.0cm\"><span style=\"font-size:12.0pt;font-family:\" arial\",sans-serif\"=\"\">&nbsp;<\/span><\/p>\r\n\r\n<p class=\"MsoNormal\" style=\"text-align:justify;text-indent:1.0cm\"><span style=\"font-size:12.0pt;font-family:\" arial\",sans-serif;mso-bidi-font-weight:=\"\" bold\"=\"\">&nbsp;<\/span><\/p>\r\n\r\n<p class=\"MsoNormal\" style=\"text-align:justify;text-indent:1.0cm\"><span style=\"font-size:12.0pt;font-family:\" arial\",sans-serif;mso-bidi-font-weight:=\"\" bold\"=\"\">D\u00ea Ci\u00eancia, Cumpra-se, Publique-se.<o:p><\/o:p><\/span><\/p>\r\n\r\n<p class=\"MsoNormal\" style=\"text-align:justify;text-indent:1.0cm\"><span style=\"font-size:12.0pt;font-family:\" arial\",sans-serif;mso-bidi-font-weight:=\"\" bold\"=\"\">&nbsp;<\/span><\/p>\r\n\r\n<p class=\"MsoNormal\" style=\"text-align:justify;text-indent:1.0cm\"><span style=\"font-size:12.0pt;font-family:\" arial\",sans-serif;mso-bidi-font-weight:=\"\" bold\"=\"\">&nbsp;<\/span><\/p>\r\n\r\n<p class=\"MsoNormal\" style=\"text-align:justify;text-indent:1.0cm\"><span style=\"font-size:12.0pt;font-family:\" arial\",sans-serif;mso-bidi-font-weight:=\"\" bold\"=\"\">Gabinete da Presid\u00eancia da C\u00e2mara Municipal de A\u00e7ail\u00e2ndia, Estado do\r\nMaranh\u00e3o, aos 04 (quatro) dias do m\u00eas de junho do ano de 2024 (dois mil e vinte\r\ne quatro).<o:p><\/o:p><\/span><\/p>\r\n\r\n<p class=\"MsoNormal\" style=\"text-align:justify\"><span style=\"font-size:12.0pt;\r\nfont-family:\" arial\",sans-serif\"=\"\">&nbsp;<\/span><\/p>\r\n\r\n<p class=\"MsoNormal\" align=\"center\" style=\"text-align:center\"><span style=\"font-size:12.0pt;font-family:\" arial\",sans-serif\"=\"\">&nbsp;<\/span><\/p>\r\n\r\n<p class=\"MsoNormal\" align=\"center\" style=\"text-align:center\"><span style=\"font-size:12.0pt;font-family:\" arial\",sans-serif\"=\"\">&nbsp;<\/span><\/p>\r\n\r\n<p class=\"MsoNormal\" align=\"center\" style=\"text-align:center\"><span style=\"font-size:12.0pt;font-family:\" arial\",sans-serif\"=\"\">&nbsp;<\/span><\/p>\r\n\r\n<p class=\"MsoNormal\" align=\"center\" style=\"text-align:center\"><b><span style=\"font-size:12.0pt;font-family:\" arial\",sans-serif\"=\"\">FELIBERG\r\nMELO SOUSA<o:p><\/o:p><\/span><\/b><\/p>\r\n\r\n<p class=\"MsoNormal\" align=\"center\" style=\"text-align:center\"><span style=\"mso-bidi-font-size:12.0pt;font-family:\" arial\",sans-serif\"=\"\">Presidente da\r\nC\u00e2mara Municipal<o:p><\/o:p><\/span><\/p>\r\n\r\n<p style=\"margin-top:0cm;margin-right:2.85pt;margin-bottom:0cm;margin-left:\r\n2.85pt;margin-bottom:.0001pt\"><span style=\"font-family:\" arial\",sans-serif\"=\"\">&nbsp;<\/span><\/p>"
    },
    {
        "Nome": "DECRETO N\u00ba 03\/2024 - PONTO FACULTATIVO",
        "Numero": "003",
        "Exercicio": "2024",
        "Descricao": "<p class=\"MsoNormal\"><b><span style=\"font-size:12.0pt;font-family:\" arial\",sans-serif\"=\"\">DECRETO N\u00ba 03, DE 28 DE\r\nMAIO DE 2024.<o:p><\/o:p><\/span><\/b><\/p>\r\n\r\n<p class=\"MsoNormal\" align=\"center\" style=\"text-align:center\"><b><span style=\"font-size:13.0pt;font-family:\" arial\",sans-serif\"=\"\">&nbsp;<\/span><\/b><\/p>\r\n\r\n<p class=\"MsoNormal\" style=\"text-align:justify\"><span style=\"font-size:12.0pt;\r\nfont-family:\" arial\",sans-serif\"=\"\">&nbsp;<\/span><\/p>\r\n\r\n<p class=\"MsoNormal\" style=\"margin-left:241.0pt;text-align:justify\"><i><span style=\"font-size:11.0pt;font-family:\r\n\" arial\",sans-serif\"=\"\">&nbsp;\u201cFica Decretado ponto\r\nfacultativo no \u00e2mbito da C\u00e2mara Municipal de Vereadores do munic\u00edpio de A\u00e7ail\u00e2ndia\r\n\u2013 MA e d\u00e1 outras provid\u00eancias<\/span><\/i><i><span style=\"font-family:\" arial\",sans-serif\"=\"\">\u201d.<\/span><\/i><i><span style=\"font-size:11.0pt;font-family:\" arial\",sans-serif\"=\"\"><o:p><\/o:p><\/span><\/i><\/p>\r\n\r\n<p class=\"MsoNormal\" style=\"margin-left:205.55pt;text-align:justify;text-indent:\r\n-7.1pt\"><span style=\"font-size:12.0pt;font-family:\" arial\",sans-serif\"=\"\">&nbsp;<\/span><\/p>\r\n\r\n<p class=\"MsoNormal\" style=\"text-align:justify\"><b><span style=\"font-size:12.0pt;font-family:\" arial\",sans-serif\"=\"\">&nbsp;<\/span><\/b><\/p>\r\n\r\n<p class=\"MsoNormal\" style=\"text-align:justify;text-indent:35.45pt\"><b><span style=\"font-size:12.0pt;font-family:\r\n\" arial\",sans-serif\"=\"\">O PRESIDENTE DA C\u00c2MARA MUNICIPAL DE A\u00c7AIL\u00c2NDIA<\/span><\/b><span style=\"font-size:12.0pt;font-family:\" arial\",sans-serif\"=\"\">, Estado do Maranh\u00e3o,\r\nno uso de suas atribui\u00e7\u00f5es legais conferidas pelo Regimento Interno e Lei\r\nOrg\u00e2nica do Munic\u00edpio.<o:p><\/o:p><\/span><\/p>\r\n\r\n<p class=\"MsoNormal\" style=\"text-align:justify\"><span style=\"font-size:12.0pt;\r\nfont-family:\" arial\",sans-serif\"=\"\">&nbsp;<\/span><\/p>\r\n\r\n<p class=\"MsoNormal\" style=\"text-align:justify\"><b><span style=\"font-size:12.0pt;font-family:\" arial\",sans-serif\"=\"\">&nbsp;<\/span><\/b><\/p>\r\n\r\n<p class=\"MsoNormal\" align=\"center\" style=\"text-align:center\"><b><span style=\"font-size:12.0pt;font-family:\" arial\",sans-serif\"=\"\">D E C R E\r\nT A :<o:p><\/o:p><\/span><\/b><\/p>\r\n\r\n<p class=\"MsoNormal\" style=\"text-align:justify\"><b><span style=\"font-size:12.0pt;font-family:\" arial\",sans-serif\"=\"\">&nbsp;<\/span><\/b><\/p>\r\n\r\n<p class=\"MsoNormal\" style=\"text-align:justify;text-indent:1.0cm\"><b><span style=\"font-size:12.0pt;font-family:\r\n\" arial\",sans-serif\"=\"\">Art. 1\u00ba <\/span><\/b><span style=\"font-size:12.0pt;\r\nfont-family:\" arial\",sans-serif\"=\"\">- Fica decretado ponto facultativo na C\u00e2mara\r\nMunicipal de A\u00e7ail\u00e2ndia:<o:p><\/o:p><\/span><\/p>\r\n\r\n<p class=\"MsoNormal\" style=\"text-align:justify;text-indent:1.0cm\"><span style=\"font-size:12.0pt;font-family:\" arial\",sans-serif\"=\"\">&nbsp;<\/span><\/p>\r\n\r\n<p class=\"MsoNormal\" style=\"margin-left:63.8pt;text-indent:7.1pt\"><span style=\"font-size:12.0pt;font-family:\" arial\",sans-serif\"=\"\">30 de maio -\r\nQuinta-feira, Corpus Christi, Feriado Municipal;<o:p><\/o:p><\/span><\/p>\r\n\r\n<p class=\"MsoNormal\" style=\"margin-left:35.45pt;text-indent:35.45pt\"><span style=\"font-size:12.0pt;font-family:\" arial\",sans-serif\"=\"\">31 de maio \u2013\r\nSexta-feira, Ponto Facultativo.<o:p><\/o:p><\/span><\/p>\r\n\r\n<p class=\"MsoNormal\" style=\"margin-left:35.45pt;text-indent:35.45pt\"><span style=\"font-size:12.0pt;font-family:\" arial\",sans-serif\"=\"\"><o:p><\/o:p><\/span><\/p>\r\n\r\n<p class=\"MsoNormal\" style=\"margin-left:1.0cm;text-align:justify\"><b><span style=\"font-size:12.0pt;font-family:\r\n\" arial\",sans-serif\"=\"\">&nbsp;<\/span><\/b><\/p>\r\n\r\n<p class=\"MsoNormal\" style=\"margin-left:1.0cm;text-align:justify\"><b><span style=\"font-size:12.0pt;font-family:\r\n\" arial\",sans-serif\"=\"\">Par\u00e1grafo \u00fanico<\/span><\/b><span style=\"font-size:12.0pt;\r\nfont-family:\" arial\",sans-serif\"=\"\">: Entretanto, no per\u00edodo acima compreendido, os\r\nservidores da <\/span><span style=\"font-size:11.5pt;font-family:\" arial\",sans-serif;=\"\" mso-bidi-font-weight:bold\"=\"\">Comiss\u00e3o Permanente de Licita\u00e7\u00e3o - CPL<\/span><span style=\"font-size:12.0pt;font-family:\" arial\",sans-serif\"=\"\">, Financeiro,\r\nProcuradoria e Administrativo, ficar\u00e3o trabalhando em Home Office, podendo ser\r\nconvocados ao trabalho nesta C\u00e2mara caso seja necess\u00e1rio.<o:p><\/o:p><\/span><\/p>\r\n\r\n<p class=\"MsoNormal\" style=\"text-align:justify;text-indent:1.0cm\"><span style=\"font-size:12.0pt;font-family:\" arial\",sans-serif\"=\"\">&nbsp;<\/span><\/p>\r\n\r\n<p class=\"MsoNormal\" style=\"text-align:justify;text-indent:1.0cm\"><b><span style=\"font-size:12.0pt;font-family:\r\n\" arial\",sans-serif\"=\"\">Art. 2\u00ba<\/span><\/b><span style=\"font-size:12.0pt;font-family:\r\n\" arial\",sans-serif\"=\"\"> - Este Decreto entrar\u00e1 em vigor na data de sua publica\u00e7\u00e3o\r\nde 2024, revogando-se todas as disposi\u00e7\u00f5es em contr\u00e1rio.<o:p><\/o:p><\/span><\/p>\r\n\r\n<p class=\"MsoNormal\" style=\"text-align:justify;text-indent:1.0cm\"><span style=\"font-size:12.0pt;font-family:\" arial\",sans-serif\"=\"\">&nbsp;<\/span><\/p>\r\n\r\n<p class=\"MsoNormal\" style=\"text-align:justify;text-indent:1.0cm\"><span style=\"font-size:12.0pt;font-family:\" arial\",sans-serif;mso-bidi-font-weight:=\"\" bold\"=\"\">&nbsp;<\/span><\/p>\r\n\r\n<p class=\"MsoNormal\" style=\"text-align:justify;text-indent:1.0cm\"><span style=\"font-size:12.0pt;font-family:\" arial\",sans-serif;mso-bidi-font-weight:=\"\" bold\"=\"\">D\u00ea Ci\u00eancia, Cumpra-se, Publique-se.<o:p><\/o:p><\/span><\/p>\r\n\r\n<p class=\"MsoNormal\" style=\"text-align:justify;text-indent:1.0cm\"><span style=\"font-size:12.0pt;font-family:\" arial\",sans-serif;mso-bidi-font-weight:=\"\" bold\"=\"\">&nbsp;<\/span><\/p>\r\n\r\n<p class=\"MsoNormal\" style=\"text-align:justify;text-indent:1.0cm\"><span style=\"font-size:12.0pt;font-family:\" arial\",sans-serif;mso-bidi-font-weight:=\"\" bold\"=\"\">&nbsp;<\/span><\/p>\r\n\r\n<p class=\"MsoNormal\" style=\"text-align:justify;text-indent:1.0cm\"><span style=\"font-size:12.0pt;font-family:\" arial\",sans-serif;mso-bidi-font-weight:=\"\" bold\"=\"\">Gabinete da Presid\u00eancia da C\u00e2mara Municipal de A\u00e7ail\u00e2ndia, Estado do\r\nMaranh\u00e3o, aos 28 (vinte oito) dias do m\u00eas de maio do ano de 2024 (dois mil e\r\nvinte e quatro).<o:p><\/o:p><\/span><\/p>\r\n\r\n<p class=\"MsoNormal\" style=\"text-align:justify\"><span style=\"font-size:12.0pt;\r\nfont-family:\" arial\",sans-serif\"=\"\">&nbsp;<\/span><\/p>\r\n\r\n<p class=\"MsoNormal\" align=\"center\" style=\"text-align:center\"><span style=\"font-size:12.0pt;font-family:\" arial\",sans-serif\"=\"\">&nbsp;<\/span><\/p>\r\n\r\n<p class=\"MsoNormal\" align=\"center\" style=\"text-align:center\"><span style=\"font-size:12.0pt;font-family:\" arial\",sans-serif\"=\"\">&nbsp;<\/span><\/p>\r\n\r\n<p class=\"MsoNormal\" align=\"center\" style=\"text-align:center\"><span style=\"font-size:12.0pt;font-family:\" arial\",sans-serif\"=\"\">&nbsp;<\/span><\/p>\r\n\r\n<p class=\"MsoNormal\" align=\"center\" style=\"text-align:center\"><b><span style=\"font-size:12.0pt;font-family:\" arial\",sans-serif\"=\"\">FELIBERG\r\nMELO SOUSA<o:p><\/o:p><\/span><\/b><\/p>\r\n\r\n<p class=\"MsoNormal\" align=\"center\" style=\"text-align:center\"><span style=\"mso-bidi-font-size:12.0pt;font-family:\" arial\",sans-serif\"=\"\">Presidente da\r\nC\u00e2mara Municipal<o:p><\/o:p><\/span><\/p>\r\n\r\n<p style=\"margin-top:0cm;margin-right:2.85pt;margin-bottom:0cm;margin-left:\r\n2.85pt;margin-bottom:.0001pt\"><span style=\"font-family:\" arial\",sans-serif\"=\"\">&nbsp;<\/span><\/p>"
    },
    {
        "Nome": "DECRETO N\u00ba 02\/2024 - PONTO FACULTATIVO",
        "Numero": "02",
        "Exercicio": "2024",
        "Descricao": "<p class=\"MsoNormal\"><b><span style=\"font-size:12.0pt;font-family:\" arial\",sans-serif\"=\"\">DECRETO N\u00ba 02, DE 27 DE\r\nMAR\u00c7O DE 2024.<o:p><\/o:p><\/span><\/b><\/p>\r\n\r\n<p class=\"MsoNormal\" align=\"center\" style=\"text-align:center\"><b><span style=\"font-size:13.0pt;font-family:\" arial\",sans-serif\"=\"\">&nbsp;<\/span><\/b><\/p>\r\n\r\n<p class=\"MsoNormal\" style=\"text-align:justify\"><span style=\"font-size:12.0pt;\r\nfont-family:\" arial\",sans-serif\"=\"\">&nbsp;<\/span><\/p>\r\n\r\n<p class=\"MsoNormal\" style=\"margin-left:241.0pt;text-align:justify\"><i><span style=\"font-size:11.0pt;font-family:\r\n\" arial\",sans-serif\"=\"\">&nbsp;\u201cFica Decretado ponto\r\nfacultativo no \u00e2mbito da C\u00e2mara Municipal de Vereadores do munic\u00edpio de A\u00e7ail\u00e2ndia\r\n\u2013 MA e d\u00e1 outras provid\u00eancias<\/span><\/i><i><span style=\"font-family:\" arial\",sans-serif\"=\"\">\u201d.<\/span><\/i><i><span style=\"font-size:11.0pt;font-family:\" arial\",sans-serif\"=\"\"><o:p><\/o:p><\/span><\/i><\/p>\r\n\r\n<p class=\"MsoNormal\" style=\"margin-left:205.55pt;text-align:justify;text-indent:\r\n-7.1pt\"><span style=\"font-size:12.0pt;font-family:\" arial\",sans-serif\"=\"\">&nbsp;<\/span><\/p>\r\n\r\n<p class=\"MsoNormal\" style=\"text-align:justify\"><b><span style=\"font-size:12.0pt;font-family:\" arial\",sans-serif\"=\"\">&nbsp;<\/span><\/b><\/p>\r\n\r\n<p class=\"MsoNormal\" style=\"text-align:justify;text-indent:35.45pt\"><b><span style=\"font-size:12.0pt;font-family:\r\n\" arial\",sans-serif\"=\"\">O PRESIDENTE DA C\u00c2MARA MUNICIPAL DE A\u00c7AIL\u00c2NDIA<\/span><\/b><span style=\"font-size:12.0pt;font-family:\" arial\",sans-serif\"=\"\">, Estado do Maranh\u00e3o,\r\nno uso de suas atribui\u00e7\u00f5es legais conferidas pelo Regimento Interno e Lei\r\nOrg\u00e2nica do Munic\u00edpio.<o:p><\/o:p><\/span><\/p>\r\n\r\n<p class=\"MsoNormal\" style=\"text-align:justify\"><span style=\"font-size:12.0pt;\r\nfont-family:\" arial\",sans-serif\"=\"\">&nbsp;<\/span><\/p>\r\n\r\n<p class=\"MsoNormal\" style=\"text-align:justify\"><b><span style=\"font-size:12.0pt;font-family:\" arial\",sans-serif\"=\"\">&nbsp;<\/span><\/b><\/p>\r\n\r\n<p class=\"MsoNormal\" align=\"center\" style=\"text-align:center\"><b><span style=\"font-size:12.0pt;font-family:\" arial\",sans-serif\"=\"\">D E C R E\r\nT A :<o:p><\/o:p><\/span><\/b><\/p>\r\n\r\n<p class=\"MsoNormal\" style=\"text-align:justify\"><b><span style=\"font-size:12.0pt;font-family:\" arial\",sans-serif\"=\"\">&nbsp;<\/span><\/b><\/p>\r\n\r\n<p class=\"MsoNormal\" style=\"text-align:justify;text-indent:1.0cm\"><b><span style=\"font-size:12.0pt;font-family:\r\n\" arial\",sans-serif\"=\"\">Art. 1\u00ba <\/span><\/b><span style=\"font-size:12.0pt;\r\nfont-family:\" arial\",sans-serif\"=\"\">- Fica decretado ponto facultativo na C\u00e2mara\r\nMunicipal de A\u00e7ail\u00e2ndia:<o:p><\/o:p><\/span><\/p>\r\n\r\n<p class=\"MsoNormal\" style=\"text-align:justify;text-indent:1.0cm\"><span style=\"font-size:12.0pt;font-family:\" arial\",sans-serif\"=\"\">&nbsp;<\/span><\/p>\r\n\r\n<p class=\"MsoNormal\" style=\"margin-left:49.65pt;text-align:justify;text-indent:\r\n1.0cm\"><span style=\"font-size:12.0pt;font-family:\" arial\",sans-serif\"=\"\">28 de\r\nmar\u00e7o - Quinta-feira Santa, Ponto Facultativo; <o:p><\/o:p><\/span><\/p>\r\n\r\n<p class=\"MsoNormal\" style=\"margin-left:49.65pt;text-align:justify;text-indent:\r\n1.0cm\"><span style=\"font-size:12.0pt;font-family:\" arial\",sans-serif\"=\"\">29 de\r\nmar\u00e7o \u2013 Sexta-feira, Paix\u00e3o de Cristo, Feriado Municipal.<o:p><\/o:p><\/span><\/p>\r\n\r\n<p class=\"MsoNormal\" style=\"margin-left:1.0cm;text-align:justify\"><b><span style=\"font-size:12.0pt;font-family:\r\n\" arial\",sans-serif\"=\"\">&nbsp;<\/span><\/b><\/p>\r\n\r\n<p class=\"MsoNormal\" style=\"margin-left:1.0cm;text-align:justify\"><b><span style=\"font-size:12.0pt;font-family:\r\n\" arial\",sans-serif\"=\"\">Par\u00e1grafo \u00fanico<\/span><\/b><span style=\"font-size:12.0pt;\r\nfont-family:\" arial\",sans-serif\"=\"\">: Entretanto, no per\u00edodo acima compreendido, os\r\nservidores da <\/span><span style=\"font-size:11.5pt;font-family:\" arial\",sans-serif;=\"\" mso-bidi-font-weight:bold\"=\"\">Comiss\u00e3o Permanente de Licita\u00e7\u00e3o - CPL<\/span><span style=\"font-size:12.0pt;font-family:\" arial\",sans-serif\"=\"\">, Financeiro,\r\nProcuradoria e Administrativo, ficar\u00e3o trabalhando em Home Office, podendo ser\r\nconvocados ao trabalho nesta C\u00e2mara caso seja necess\u00e1rio.<o:p><\/o:p><\/span><\/p>\r\n\r\n<p class=\"MsoNormal\" style=\"text-align:justify;text-indent:1.0cm\"><span style=\"font-size:12.0pt;font-family:\" arial\",sans-serif\"=\"\">&nbsp;<\/span><\/p>\r\n\r\n<p class=\"MsoNormal\" style=\"text-align:justify;text-indent:1.0cm\"><b><span style=\"font-size:12.0pt;font-family:\r\n\" arial\",sans-serif\"=\"\">Art. 2\u00ba<\/span><\/b><span style=\"font-size:12.0pt;font-family:\r\n\" arial\",sans-serif\"=\"\"> - Este Decreto entrar\u00e1 em vigor na data de sua publica\u00e7\u00e3o de\r\n2024, revogando-se todas as disposi\u00e7\u00f5es em contr\u00e1rio.<o:p><\/o:p><\/span><\/p>\r\n\r\n<p class=\"MsoNormal\" style=\"text-align:justify;text-indent:1.0cm\"><span style=\"font-size:12.0pt;font-family:\" arial\",sans-serif\"=\"\">&nbsp;<\/span><\/p>\r\n\r\n<p class=\"MsoNormal\" style=\"text-align:justify;text-indent:1.0cm\"><span style=\"font-size:12.0pt;font-family:\" arial\",sans-serif;mso-bidi-font-weight:=\"\" bold\"=\"\">&nbsp;<\/span><\/p>\r\n\r\n<p class=\"MsoNormal\" style=\"text-align:justify;text-indent:1.0cm\"><span style=\"font-size:12.0pt;font-family:\" arial\",sans-serif;mso-bidi-font-weight:=\"\" bold\"=\"\">D\u00ea Ci\u00eancia, Cumpra-se, Publique-se.<o:p><\/o:p><\/span><\/p>\r\n\r\n<p class=\"MsoNormal\" style=\"text-align:justify;text-indent:1.0cm\"><span style=\"font-size:12.0pt;font-family:\" arial\",sans-serif;mso-bidi-font-weight:=\"\" bold\"=\"\">&nbsp;<\/span><\/p>\r\n\r\n<p class=\"MsoNormal\" style=\"text-align:justify;text-indent:1.0cm\"><span style=\"font-size:12.0pt;font-family:\" arial\",sans-serif;mso-bidi-font-weight:=\"\" bold\"=\"\">&nbsp;<\/span><\/p>\r\n\r\n<p class=\"MsoNormal\" style=\"text-align:justify;text-indent:1.0cm\"><span style=\"font-size:12.0pt;font-family:\" arial\",sans-serif;mso-bidi-font-weight:=\"\" bold\"=\"\">Gabinete da Presid\u00eancia da C\u00e2mara Municipal de A\u00e7ail\u00e2ndia, Estado do\r\nMaranh\u00e3o, aos 27 (vinte sete) dias do m\u00eas de mar\u00e7o do ano de 2024 (dois mil e\r\nvinte e quatro).<o:p><\/o:p><\/span><\/p>\r\n\r\n<p class=\"MsoNormal\" style=\"text-align:justify\"><span style=\"font-size:12.0pt;\r\nfont-family:\" arial\",sans-serif\"=\"\">&nbsp;<\/span><\/p>\r\n\r\n<p class=\"MsoNormal\" align=\"center\" style=\"text-align:center\"><span style=\"font-size:12.0pt;font-family:\" arial\",sans-serif\"=\"\">&nbsp;<\/span><\/p>\r\n\r\n<p class=\"MsoNormal\" align=\"center\" style=\"text-align:center\"><span style=\"font-size:12.0pt;font-family:\" arial\",sans-serif\"=\"\">&nbsp;<\/span><\/p>\r\n\r\n<p class=\"MsoNormal\" align=\"center\" style=\"text-align:center\"><span style=\"font-size:12.0pt;font-family:\" arial\",sans-serif\"=\"\">&nbsp;<\/span><\/p>\r\n\r\n<p class=\"MsoNormal\" align=\"center\" style=\"text-align:center\"><b><span style=\"font-size:12.0pt;font-family:\" arial\",sans-serif\"=\"\">FELIBERG\r\nMELO SOUSA<o:p><\/o:p><\/span><\/b><\/p>\r\n\r\n<p class=\"MsoNormal\" align=\"center\" style=\"text-align:center\"><span style=\"mso-bidi-font-size:12.0pt;font-family:\" arial\",sans-serif\"=\"\">Presidente da\r\nC\u00e2mara Municipal<o:p><\/o:p><\/span><\/p>\r\n\r\n<p style=\"margin-top:0cm;margin-right:2.85pt;margin-bottom:0cm;margin-left:\r\n2.85pt;margin-bottom:.0001pt\"><span style=\"font-family:\" arial\",sans-serif\"=\"\">&nbsp;<\/span><\/p>"
    },
    {
        "Nome": "DECRETO N\u00b0 001\/2024 - PONTO FACULTATIVO CARNAVAL",
        "Numero": "001",
        "Exercicio": "2024",
        "Descricao": "<p class=\"MsoNormal\"><b><span style=\"font-size:12.0pt;font-family:\" arial\",sans-serif\"=\"\">DECRETO N\u00ba 01, DE 09 DE\r\nFEVEREIRO DE 2024.<o:p><\/o:p><\/span><\/b><\/p>\r\n\r\n<p class=\"MsoNormal\" align=\"center\" style=\"text-align:center\"><b><span style=\"font-size:13.0pt;font-family:\" arial\",sans-serif\"=\"\">&nbsp;<\/span><\/b><\/p>\r\n\r\n<p class=\"MsoNormal\" style=\"text-align:justify\"><span style=\"font-size:12.0pt;\r\nfont-family:\" arial\",sans-serif\"=\"\">&nbsp;<\/span><\/p>\r\n\r\n<p class=\"MsoNormal\" style=\"margin-left:241.0pt;text-align:justify\"><i><span style=\"font-size:11.0pt;font-family:\r\n\" arial\",sans-serif\"=\"\">&nbsp;\u201cFica Decretado ponto\r\nfacultativo no \u00e2mbito da C\u00e2mara Municipal de Vereadores do munic\u00edpio de A\u00e7ail\u00e2ndia\r\n\u2013 MA e d\u00e1 outras provid\u00eancias<\/span><\/i><i><span style=\"font-family:\" arial\",sans-serif\"=\"\">\u201d.<\/span><\/i><i><span style=\"font-size:11.0pt;font-family:\" arial\",sans-serif\"=\"\"><o:p><\/o:p><\/span><\/i><\/p>\r\n\r\n<p class=\"MsoNormal\" style=\"margin-left:205.55pt;text-align:justify;text-indent:\r\n-7.1pt\"><span style=\"font-size:12.0pt;font-family:\" arial\",sans-serif\"=\"\">&nbsp;<\/span><\/p>\r\n\r\n<p class=\"MsoNormal\" style=\"text-align:justify\"><b><span style=\"font-size:12.0pt;font-family:\" arial\",sans-serif\"=\"\">&nbsp;<\/span><\/b><\/p>\r\n\r\n<p class=\"MsoNormal\" style=\"text-align:justify;text-indent:35.45pt\"><b><span style=\"font-size:12.0pt;font-family:\r\n\" arial\",sans-serif\"=\"\">O PRESIDENTE DA C\u00c2MARA MUNICIPAL DE A\u00c7AIL\u00c2NDIA<\/span><\/b><span style=\"font-size:12.0pt;font-family:\" arial\",sans-serif\"=\"\">, Estado do Maranh\u00e3o,\r\nno uso de suas atribui\u00e7\u00f5es legais conferidas pelo Regimento Interno e Lei\r\nOrg\u00e2nica do Munic\u00edpio.<o:p><\/o:p><\/span><\/p>\r\n\r\n<p class=\"MsoNormal\" style=\"text-align:justify\"><span style=\"font-size:12.0pt;\r\nfont-family:\" arial\",sans-serif\"=\"\">&nbsp;<\/span><\/p>\r\n\r\n<p class=\"MsoNormal\" style=\"text-align:justify\"><b><span style=\"font-size:12.0pt;font-family:\" arial\",sans-serif\"=\"\">&nbsp;<\/span><\/b><\/p>\r\n\r\n<p class=\"MsoNormal\" align=\"center\" style=\"text-align:center\"><b><span style=\"font-size:12.0pt;font-family:\" arial\",sans-serif\"=\"\">D E C R E\r\nT A :<o:p><\/o:p><\/span><\/b><\/p>\r\n\r\n<p class=\"MsoNormal\" style=\"text-align:justify\"><b><span style=\"font-size:12.0pt;font-family:\" arial\",sans-serif\"=\"\">&nbsp;<\/span><\/b><\/p>\r\n\r\n<p class=\"MsoNormal\" style=\"text-align:justify;text-indent:1.0cm\"><b><span style=\"font-size:12.0pt;font-family:\r\n\" arial\",sans-serif\"=\"\">Art. 1\u00ba <\/span><\/b><span style=\"font-size:12.0pt;\r\nfont-family:\" arial\",sans-serif\"=\"\">- Fica decretado ponto facultativo na C\u00e2mara\r\nMunicipal de A\u00e7ail\u00e2ndia:<o:p><\/o:p><\/span><\/p>\r\n\r\n<p class=\"MsoNormal\" style=\"text-align:justify;text-indent:1.0cm\"><span style=\"font-size:12.0pt;font-family:\" arial\",sans-serif\"=\"\">&nbsp;<\/span><\/p>\r\n\r\n<p class=\"MsoNormal\" style=\"margin-left:49.65pt;text-align:justify;text-indent:\r\n1.0cm\"><span style=\"font-size:12.0pt;font-family:\" arial\",sans-serif\"=\"\">12 de\r\nfevereiro \u2013 Segunda-feira, Carnaval, Ponto Facultativo;<o:p><\/o:p><\/span><\/p>\r\n\r\n<p class=\"MsoNormal\" style=\"margin-left:49.65pt;text-align:justify;text-indent:\r\n1.0cm\"><span style=\"font-size:12.0pt;font-family:\" arial\",sans-serif\"=\"\">13 de\r\nfevereiro \u2013 Ter\u00e7a-feira, Carnaval, Ponto Facultativo;<o:p><\/o:p><\/span><\/p>\r\n\r\n<p class=\"MsoNormal\" style=\"margin-left:49.65pt;text-align:justify;text-indent:\r\n1.0cm\"><span style=\"font-size:12.0pt;font-family:\" arial\",sans-serif\"=\"\">14 de\r\nfevereiro \u2013 Quarta-feira de Cinzas, Ponto Facultativo. <o:p><\/o:p><\/span><\/p>\r\n\r\n<p class=\"MsoNormal\" style=\"margin-left:49.65pt;text-align:justify;text-indent:\r\n1.0cm\"><span style=\"font-size:12.0pt;font-family:\" arial\",sans-serif\"=\"\">&nbsp;<o:p><\/o:p><\/span><\/p>\r\n\r\n<p class=\"MsoNormal\" style=\"margin-left:1.0cm;text-align:justify\"><b><span style=\"font-size:12.0pt;font-family:\r\n\" arial\",sans-serif\"=\"\">Par\u00e1grafo \u00fanico<\/span><\/b><span style=\"font-size:12.0pt;\r\nfont-family:\" arial\",sans-serif\"=\"\">: Entretanto, no per\u00edodo acima compreendido, os\r\nservidores da <\/span><span style=\"font-size:11.5pt;font-family:\" arial\",sans-serif;=\"\" mso-bidi-font-weight:bold\"=\"\">Comiss\u00e3o Permanente de Licita\u00e7\u00e3o - CPL<\/span><span style=\"font-size:12.0pt;font-family:\" arial\",sans-serif\"=\"\">, Financeiro,\r\nProcuradoria e Administrativo, ficar\u00e3o trabalhando em Home Office, podendo ser\r\nconvocados ao trabalho nesta C\u00e2mara caso seja necess\u00e1rio.<o:p><\/o:p><\/span><\/p>\r\n\r\n<p class=\"MsoNormal\" style=\"text-align:justify;text-indent:1.0cm\"><span style=\"font-size:12.0pt;font-family:\" arial\",sans-serif\"=\"\">&nbsp;<\/span><\/p>\r\n\r\n<p class=\"MsoNormal\" style=\"text-align:justify;text-indent:1.0cm\"><b><span style=\"font-size:12.0pt;font-family:\r\n\" arial\",sans-serif\"=\"\">Art. 2\u00ba<\/span><\/b><span style=\"font-size:12.0pt;font-family:\r\n\" arial\",sans-serif\"=\"\"> - Este Decreto entrar\u00e1 em vigor na data de sua publica\u00e7\u00e3o\r\nde 2024, revogando-se todas as disposi\u00e7\u00f5es em contr\u00e1rio.<o:p><\/o:p><\/span><\/p>\r\n\r\n<p class=\"MsoNormal\" style=\"text-align:justify;text-indent:1.0cm\"><span style=\"font-size:12.0pt;font-family:\" arial\",sans-serif\"=\"\">&nbsp;<\/span><\/p>\r\n\r\n<p class=\"MsoNormal\" style=\"text-align:justify;text-indent:1.0cm\"><span style=\"font-size:12.0pt;font-family:\" arial\",sans-serif;mso-bidi-font-weight:=\"\" bold\"=\"\">&nbsp;<\/span><\/p>\r\n\r\n<p class=\"MsoNormal\" style=\"text-align:justify;text-indent:1.0cm\"><span style=\"font-size:12.0pt;font-family:\" arial\",sans-serif;mso-bidi-font-weight:=\"\" bold\"=\"\">D\u00ea Ci\u00eancia, Cumpra-se, Publique-se.<o:p><\/o:p><\/span><\/p>\r\n\r\n<p class=\"MsoNormal\" style=\"text-align:justify;text-indent:1.0cm\"><span style=\"font-size:12.0pt;font-family:\" arial\",sans-serif;mso-bidi-font-weight:=\"\" bold\"=\"\">&nbsp;<\/span><\/p>\r\n\r\n<p class=\"MsoNormal\" style=\"text-align:justify;text-indent:1.0cm\"><span style=\"font-size:12.0pt;font-family:\" arial\",sans-serif;mso-bidi-font-weight:=\"\" bold\"=\"\">&nbsp;<\/span><\/p>\r\n\r\n<p class=\"MsoNormal\" style=\"text-align:justify;text-indent:1.0cm\"><span style=\"font-size:12.0pt;font-family:\" arial\",sans-serif;mso-bidi-font-weight:=\"\" bold\"=\"\">Gabinete da Presid\u00eancia da C\u00e2mara Municipal de A\u00e7ail\u00e2ndia, Estado do\r\nMaranh\u00e3o, aos 09 (nove) dias do m\u00eas de fevereiro do ano de 2024 (dois mil e\r\nvinte e quatro).<o:p><\/o:p><\/span><\/p>\r\n\r\n<p class=\"MsoNormal\" style=\"text-align:justify\"><span style=\"font-size:12.0pt;\r\nfont-family:\" arial\",sans-serif\"=\"\">&nbsp;<\/span><\/p>\r\n\r\n<p class=\"MsoNormal\" align=\"center\" style=\"text-align:center\"><span style=\"font-size:12.0pt;font-family:\" arial\",sans-serif\"=\"\">&nbsp;<\/span><\/p>\r\n\r\n<p class=\"MsoNormal\" align=\"center\" style=\"text-align:center\"><span style=\"font-size:12.0pt;font-family:\" arial\",sans-serif\"=\"\">&nbsp;<\/span><\/p>\r\n\r\n<p class=\"MsoNormal\" align=\"center\" style=\"text-align:center\"><span style=\"font-size:12.0pt;font-family:\" arial\",sans-serif\"=\"\">&nbsp;<\/span><\/p>\r\n\r\n<p class=\"MsoNormal\" align=\"center\" style=\"text-align:center\"><b><span style=\"font-size:12.0pt;font-family:\" arial\",sans-serif\"=\"\">FELIBERG\r\nMELO SOUSA<o:p><\/o:p><\/span><\/b><\/p>\r\n\r\n<p class=\"MsoNormal\" align=\"center\" style=\"text-align:center\"><span style=\"mso-bidi-font-size:12.0pt;font-family:\" arial\",sans-serif\"=\"\">Presidente da\r\nC\u00e2mara Municipal<o:p><\/o:p><\/span><\/p>\r\n\r\n<p style=\"margin-top:0cm;margin-right:2.85pt;margin-bottom:0cm;margin-left:\r\n2.85pt;margin-bottom:.0001pt\"><span style=\"font-family:\" arial\",sans-serif\"=\"\">&nbsp;<\/span><\/p>"
    },
    {
        "Nome": "DECRETO N\u00ba 010\/2023 - RECESSO PARLAMENTAR FINAL DE ANO",
        "Numero": "010",
        "Exercicio": "2023",
        "Descricao": "<p class=\"MsoNormal\"><b><span style=\"font-size:11.5pt;font-family:\" arial\",sans-serif\"=\"\">&nbsp;<\/span><\/b><\/p>\r\n\r\n<p class=\"MsoNormal\"><b><span style=\"font-size:11.5pt;font-family:\" arial\",sans-serif\"=\"\">DECRETO N\u00ba 010\/2023, DE\r\n21 DE DEZEMBRO DE 2023.<o:p><\/o:p><\/span><\/b><\/p>\r\n\r\n<p class=\"MsoNormal\" align=\"center\" style=\"text-align:center\"><b><span style=\"font-size:11.5pt;font-family:\" arial\",sans-serif\"=\"\">&nbsp;<\/span><\/b><\/p>\r\n\r\n<p class=\"MsoNormal\" align=\"center\" style=\"text-align:center\"><span style=\"font-size:11.5pt;font-family:\" arial\",sans-serif\"=\"\">&nbsp;<\/span><\/p>\r\n\r\n<p class=\"MsoNormal\" style=\"text-align:justify;text-indent:42.55pt;line-height:\r\n115%\"><b><span style=\"font-size:11.5pt;\r\nline-height:115%;font-family:\" arial\",sans-serif\"=\"\">O PRESIDENTE DA C\u00c2MARA\r\nMUNICIPAL DE A\u00c7AIL\u00c2NDIA<\/span><\/b><span style=\"font-size:11.5pt;line-height:\r\n115%;font-family:\" arial\",sans-serif\"=\"\">, Estado do Maranh\u00e3o, no uso de suas\r\natribui\u00e7\u00f5es legais e considerando a necessidade de estabelecer o per\u00edodo de\r\nrecesso, conforme previsto no Regimento Interno da C\u00e2mara Municipal de\r\nA\u00e7ail\u00e2ndia, Art. 4\u00ba da Resolu\u00e7\u00e3o n\u00ba 001\/92<o:p><\/o:p><\/span><\/p>\r\n\r\n<p class=\"MsoNormal\" style=\"text-align:justify\"><span style=\"font-size:11.5pt;\r\nfont-family:\" arial\",sans-serif\"=\"\">&nbsp;<\/span><\/p>\r\n\r\n<p class=\"MsoNormal\" style=\"text-align:justify;text-indent:42.55pt\"><b><span style=\"font-size:11.5pt;font-family:\r\n\" arial\",sans-serif\"=\"\">CONSIDERANDO&nbsp; <\/span><\/b><span style=\"font-size:11.5pt;font-family:\" arial\",sans-serif;mso-bidi-font-weight:=\"\" bold\"=\"\">que&nbsp; os&nbsp; servi\u00e7os&nbsp;\r\np\u00fablicos essenciais&nbsp; podem&nbsp; ser&nbsp;\r\nmantidos&nbsp; por&nbsp; meio&nbsp;\r\nde&nbsp; sistema&nbsp; de plant\u00e3o;<o:p><\/o:p><\/span><\/p>\r\n\r\n<p class=\"MsoNormal\" style=\"text-align:justify\"><b><span style=\"font-size:11.5pt;font-family:\" arial\",sans-serif\"=\"\">&nbsp;<\/span><\/b><\/p>\r\n\r\n<p class=\"MsoNormal\" align=\"center\" style=\"text-align:center\"><b><span style=\"font-size:11.5pt;font-family:\" arial\",sans-serif\"=\"\">&nbsp;<\/span><\/b><\/p>\r\n\r\n<p class=\"MsoNormal\" align=\"center\" style=\"text-align:center\"><b><span style=\"font-size:11.5pt;font-family:\" arial\",sans-serif\"=\"\">D E C R E\r\nT A :<o:p><\/o:p><\/span><\/b><\/p>\r\n\r\n<p class=\"MsoNormal\" style=\"text-align:justify\"><b><span style=\"font-size:11.5pt;font-family:\" arial\",sans-serif\"=\"\">&nbsp;<\/span><\/b><\/p>\r\n\r\n<p class=\"MsoNormal\" style=\"text-align:justify;text-indent:42.55pt\"><b><span style=\"font-size:11.5pt;font-family:\r\n\" arial\",sans-serif\"=\"\">Art. 1\u00ba -<\/span><\/b><span style=\"font-size:11.5pt;\r\nfont-family:\" arial\",sans-serif\"=\"\"> Fica estabelecido o recesso parlamentar da\r\nC\u00e2mara Municipal de A\u00e7ail\u00e2ndia, no per\u00edodo compreendido entre os dias 22\/12\/2023\r\na 02\/02\/2024.<o:p><\/o:p><\/span><\/p>\r\n\r\n<p class=\"MsoNormal\" style=\"text-align:justify;text-indent:42.55pt\"><span style=\"font-size:11.5pt;font-family:\" arial\",sans-serif\"=\"\">&nbsp;<\/span><\/p>\r\n\r\n<p class=\"MsoNormal\" style=\"text-align:justify;text-indent:42.55pt\"><b><span style=\"font-size:11.5pt;font-family:\" arial\",sans-serif\"=\"\">Art. 2\u00ba -<\/span><\/b><span style=\"font-size:11.5pt;font-family:\" arial\",sans-serif\"=\"\"> Durante o recesso, a\r\nC\u00e2mara Municipal cumprir\u00e1 expediente em regime de plant\u00e3o, a fim de garantir assist\u00eancia\r\n\u00e0s demandas administrativas essenciais. O atendimento seguir\u00e1 da seguinte\r\nforma: <o:p><\/o:p><\/span><\/p>\r\n\r\n<p class=\"MsoNormal\" style=\"text-align:justify;text-indent:42.55pt\"><span style=\"font-size:11.5pt;font-family:\" arial\",sans-serif\"=\"\">&nbsp;<o:p><\/o:p><\/span><\/p>\r\n\r\n<p class=\"MsoNormal\" style=\"text-align:justify;text-indent:42.55pt\"><b><span style=\"font-size:11.5pt;font-family:\" arial\",sans-serif\"=\"\">I -<\/span><\/b><span style=\"font-size:11.5pt;font-family:\" arial\",sans-serif\"=\"\"> &nbsp;Um servidor atender\u00e1 em regime de plant\u00e3o, das\r\n8h \u00e0s 10h, nos dias 09\/01 e 10\/01; 16\/01 e 17\/01; 23\/01 e 24\/01 e dia 29\/01,\r\nenquanto perdurar o recesso legislativo.<o:p><\/o:p><\/span><\/p>\r\n\r\n<p class=\"MsoNormal\" style=\"text-align:justify;text-indent:42.55pt\"><span style=\"font-size:11.5pt;font-family:\" arial\",sans-serif\"=\"\">&nbsp;<\/span><\/p>\r\n\r\n<p class=\"MsoNormal\" style=\"text-align:justify;text-indent:42.55pt\"><b><span style=\"font-size:11.5pt;font-family:\" arial\",sans-serif\"=\"\">II - <\/span><\/b><span style=\"font-size:11.5pt;font-family:\" arial\",sans-serif\"=\"\">A C\u00e2mara Municipal\r\ndisponibilizar\u00e1 e-mail institucional <\/span><a href=\"mailto:ascom@cmacailandia.ma.gov.br\"><span style=\"font-size:11.5pt;\r\nfont-family:\" arial\",sans-serif\"=\"\">ascom@cmacailandia.ma.gov.br<\/span><\/a><span style=\"font-size:11.5pt;font-family:\" arial\",sans-serif\"=\"\"> para o envio de\r\ndemandas.<o:p><\/o:p><\/span><\/p>\r\n\r\n<p class=\"MsoNormal\" style=\"text-align:justify;text-indent:42.55pt\"><span style=\"font-size:11.5pt;font-family:\" arial\",sans-serif\"=\"\">&nbsp;<\/span><\/p>\r\n\r\n<p class=\"MsoNormal\" style=\"text-align:justify;text-indent:42.55pt\"><b><span style=\"font-size:11.5pt;font-family:\" arial\",sans-serif\"=\"\">III -<\/span><\/b><b><span style=\"font-size:11.5pt;font-family:\r\n\" arial\",sans-serif\"=\"\"> <\/span><\/b><span style=\"font-size:11.5pt;font-family:\" arial\",sans-serif;=\"\" mso-bidi-font-weight:bold\"=\"\">Os servidores da Comiss\u00e3o Permanente de Licita\u00e7\u00e3o - CPL,\r\nFinanceiro, Procuradoria e Administrativo, ficar\u00e3o trabalhando em Home Office,\r\npodendo ser convocados ao trabalho nesta C\u00e2mara caso seja necess\u00e1rio.<o:p><\/o:p><\/span><\/p>\r\n\r\n<p class=\"MsoNormal\" style=\"text-align:justify;text-indent:42.55pt\"><span style=\"font-size:11.5pt;font-family:\" arial\",sans-serif\"=\"\">&nbsp;<\/span><\/p>\r\n\r\n<p class=\"MsoNormal\" style=\"text-align:justify;text-indent:42.55pt;line-height:\r\n115%\"><b><span style=\"font-size:11.5pt;\r\nline-height:115%;font-family:\" arial\",sans-serif\"=\"\">Art. 3\u00ba - <\/span><\/b><span style=\"font-size:11.5pt;line-height:115%;font-family:\" arial\",sans-serif;=\"\" mso-bidi-font-weight:bold\"=\"\">Ficam mantidos os prazos regimentais para a\r\nrealiza\u00e7\u00e3o de sess\u00f5es e demais atividades legislativas, que ser\u00e3o retomadas\r\nimediatamente ap\u00f3s o t\u00e9rmino do recesso.<\/span><b><span style=\"font-size:11.5pt;line-height:115%;font-family:\" arial\",sans-serif\"=\"\"><o:p><\/o:p><\/span><\/b><\/p>\r\n\r\n<p class=\"MsoNormal\" style=\"text-align:justify;text-indent:42.55pt;line-height:\r\n115%\"><b><span style=\"font-size:11.5pt;\r\nline-height:115%;font-family:\" arial\",sans-serif\"=\"\">&nbsp;<\/span><\/b><\/p>\r\n\r\n<p class=\"MsoNormal\" style=\"text-align:justify;text-indent:42.55pt;line-height:\r\n115%\"><b><span style=\"font-size:11.5pt;\r\nline-height:115%;font-family:\" arial\",sans-serif\"=\"\">Art. 4\u00ba -<\/span><\/b><span style=\"font-size:11.5pt;line-height:115%;font-family:\" arial\",sans-serif\"=\"\"> Este\r\ndecreto entra em vigor na data de sua publica\u00e7\u00e3o, revogando-se as disposi\u00e7\u00f5es\r\nem contr\u00e1rio.<o:p><\/o:p><\/span><\/p>\r\n\r\n<p class=\"MsoNormal\" style=\"text-align:justify;text-indent:1.0cm;line-height:\r\n115%\"><span style=\"font-size:11.5pt;line-height:115%;font-family:\" arial\",sans-serif;=\"\" mso-bidi-font-weight:bold\"=\"\">&nbsp;<\/span><\/p>\r\n\r\n<p class=\"MsoNormal\" style=\"text-align:justify;text-indent:42.55pt;line-height:\r\n115%\"><span style=\"font-size:11.5pt;line-height:115%;font-family:\" arial\",sans-serif\"=\"\">D\u00ea-se\r\nci\u00eancia, publique-se e cumpra-se.<o:p><\/o:p><\/span><\/p>\r\n\r\n<p class=\"MsoNormal\" style=\"text-align:justify;text-indent:42.55pt;line-height:\r\n115%\"><span style=\"font-size:11.5pt;line-height:115%;font-family:\" arial\",sans-serif;=\"\" mso-bidi-font-weight:bold\"=\"\">&nbsp;<\/span><\/p>\r\n\r\n<p class=\"MsoNormal\" style=\"text-align:justify;text-indent:42.55pt;line-height:\r\n115%\"><span style=\"font-size:11.5pt;line-height:115%;font-family:\" arial\",sans-serif;=\"\" mso-bidi-font-weight:bold\"=\"\">Gabinete da Presid\u00eancia da C\u00e2mara Municipal de\r\nA\u00e7ail\u00e2ndia, Estado do Maranh\u00e3o, aos 21 (vinte um) dias do m\u00eas de dezembro do ano\r\nde 2023<\/span><span style=\"font-size:11.5pt;line-height:115%\"> <\/span><span style=\"font-size:11.5pt;line-height:115%;font-family:\" arial\",sans-serif;=\"\" mso-bidi-font-weight:bold\"=\"\">(dois mil e vinte tr\u00eas).<o:p><\/o:p><\/span><\/p>\r\n\r\n<p class=\"MsoNormal\"><span style=\"font-size:11.5pt;\r\nfont-family:\" arial\",sans-serif\"=\"\">&nbsp;&nbsp;&nbsp;&nbsp;&nbsp;&nbsp;&nbsp;&nbsp;&nbsp;&nbsp;&nbsp;&nbsp;&nbsp;&nbsp;&nbsp;&nbsp;&nbsp;&nbsp;&nbsp;&nbsp;&nbsp;&nbsp; <o:p><\/o:p><\/span><\/p>\r\n\r\n<p class=\"MsoNormal\" align=\"center\" style=\"text-align:center\"><span style=\"font-size:11.5pt;font-family:\" arial\",sans-serif\"=\"\">&nbsp;<\/span><\/p>\r\n\r\n<p class=\"MsoNormal\" align=\"center\" style=\"text-align:center\"><span style=\"font-size:11.5pt;font-family:\" arial\",sans-serif\"=\"\">&nbsp;<\/span><\/p>\r\n\r\n<p class=\"MsoNormal\" align=\"center\" style=\"text-align:center\"><span style=\"font-size:11.5pt;font-family:\" arial\",sans-serif\"=\"\">&nbsp;<\/span><\/p>\r\n\r\n<p class=\"MsoNormal\" align=\"center\" style=\"text-align:center\"><b><span style=\"font-size:11.5pt;font-family:\" arial\",sans-serif\"=\"\">FELIBERG\r\nMELO SOUSA<o:p><\/o:p><\/span><\/b><\/p>\r\n\r\n<p class=\"MsoNormal\" align=\"center\" style=\"text-align:center\"><b><span style=\"font-size:11.5pt;font-family:\" arial\",sans-serif\"=\"\">Presidente\r\nda C\u00e2mara Municipal<o:p><\/o:p><\/span><\/b><\/p>"
    },
    {
        "Nome": "DECRETO 009\/2023 - PONTO CACULTATIVO",
        "Numero": "009",
        "Exercicio": "2023",
        "Descricao": "<p class=\"MsoNormal\"><b><span style=\"font-size:12.0pt;font-family:\" arial\",sans-serif\"=\"\">DECRETO N\u00ba 009\/2023, DE\r\n01 DE NOVEMBRO&nbsp;&nbsp;&nbsp;&nbsp;&nbsp;&nbsp;&nbsp;&nbsp;&nbsp;&nbsp;&nbsp;&nbsp;&nbsp;&nbsp;&nbsp;&nbsp;&nbsp;&nbsp;&nbsp;&nbsp;&nbsp;&nbsp;&nbsp;&nbsp;&nbsp;&nbsp;&nbsp;&nbsp;&nbsp;&nbsp;&nbsp;&nbsp;&nbsp;&nbsp;\r\n&nbsp;&nbsp;&nbsp;&nbsp;&nbsp; &nbsp;DE 2023.<o:p><\/o:p><\/span><\/b><\/p>\r\n\r\n<p class=\"MsoNormal\" align=\"center\" style=\"text-align:center\"><b><span style=\"font-size:13.0pt;font-family:\" arial\",sans-serif\"=\"\">&nbsp;<\/span><\/b><\/p>\r\n\r\n<p class=\"MsoNormal\" style=\"text-align:justify\"><span style=\"font-size:12.0pt;\r\nfont-family:\" arial\",sans-serif\"=\"\">&nbsp;<\/span><\/p>\r\n\r\n<p class=\"MsoNormal\" style=\"margin-left:241.0pt;text-align:justify\"><i><span style=\"font-size:11.0pt;font-family:\r\n\" arial\",sans-serif\"=\"\">&nbsp;\u201cFica Decretado ponto\r\nfacultativo no \u00e2mbito da C\u00e2mara Municipal de Vereadores do munic\u00edpio de A\u00e7ail\u00e2ndia\r\n\u2013 MA e d\u00e1 outras provid\u00eancias<\/span><\/i><i><span style=\"font-family:\" arial\",sans-serif\"=\"\">\u201d.<\/span><\/i><i><span style=\"font-size:11.0pt;font-family:\" arial\",sans-serif\"=\"\"><o:p><\/o:p><\/span><\/i><\/p>\r\n\r\n<p class=\"MsoNormal\" style=\"margin-left:205.55pt;text-align:justify;text-indent:\r\n-7.1pt\"><span style=\"font-size:12.0pt;font-family:\" arial\",sans-serif\"=\"\">&nbsp;<\/span><\/p>\r\n\r\n<p class=\"MsoNormal\" style=\"text-align:justify\"><b><span style=\"font-size:12.0pt;font-family:\" arial\",sans-serif\"=\"\">&nbsp;<\/span><\/b><\/p>\r\n\r\n<p class=\"MsoNormal\" style=\"text-align:justify;text-indent:42.55pt;line-height:\r\n115%\"><b><span style=\"font-size:12.0pt;\r\nline-height:115%;font-family:\" arial\",sans-serif\"=\"\">O PRESIDENTE DA C\u00c2MARA\r\nMUNICIPAL DE A\u00c7AIL\u00c2NDIA<\/span><\/b><span style=\"font-size:12.0pt;line-height:\r\n115%;font-family:\" arial\",sans-serif\"=\"\">, Estado do Maranh\u00e3o, no uso de suas\r\natribui\u00e7\u00f5es legais conferidas pelo Regimento Interno e Lei Org\u00e2nica do\r\nMunic\u00edpio.<o:p><\/o:p><\/span><\/p>\r\n\r\n<p class=\"MsoNormal\" style=\"text-align:justify;text-indent:42.55pt;line-height:\r\n115%\"><b><span style=\"font-size:12.0pt;line-height:115%;font-family:\" arial\",sans-serif\"=\"\">&nbsp;<\/span><\/b><\/p>\r\n\r\n<p class=\"MsoNormal\" style=\"text-align:justify;text-indent:42.55pt;line-height:\r\n115%\"><b><span style=\"font-size:12.0pt;line-height:115%;font-family:\" arial\",sans-serif\"=\"\">Considerando<\/span><\/b><span style=\"font-size:12.0pt;line-height:115%;font-family:\" arial\",sans-serif\"=\"\"> o Decreto\r\nMunicipal n\u00ba 35, de 16 de fevereiro de 2023.<o:p><\/o:p><\/span><\/p>\r\n\r\n<p class=\"MsoNormal\" style=\"text-align:justify\"><span style=\"font-size:12.0pt;\r\nfont-family:\" arial\",sans-serif\"=\"\">&nbsp;<\/span><\/p>\r\n\r\n<p class=\"MsoNormal\" style=\"text-align:justify\"><b><span style=\"font-size:12.0pt;font-family:\" arial\",sans-serif\"=\"\">&nbsp;<\/span><\/b><\/p>\r\n\r\n<p class=\"MsoNormal\" align=\"center\" style=\"text-align:center\"><b><span style=\"font-size:12.0pt;font-family:\" arial\",sans-serif\"=\"\">D E C R E\r\nT A :<o:p><\/o:p><\/span><\/b><\/p>\r\n\r\n<p class=\"MsoNormal\" style=\"text-align:justify\"><b><span style=\"font-size:12.0pt;font-family:\" arial\",sans-serif\"=\"\">&nbsp;<\/span><\/b><\/p>\r\n\r\n<p class=\"MsoNormal\" style=\"text-align:justify;text-indent:1.0cm\"><b><span style=\"font-size:12.0pt;font-family:\r\n\" arial\",sans-serif\"=\"\">Art. 1\u00ba <\/span><\/b><span style=\"font-size:12.0pt;\r\nfont-family:\" arial\",sans-serif\"=\"\">- Fica decretado ponto facultativo na C\u00e2mara\r\nMunicipal de A\u00e7ail\u00e2ndia:<o:p><\/o:p><\/span><\/p>\r\n\r\n<p class=\"MsoNormal\" style=\"text-align:justify;text-indent:1.0cm\"><span style=\"font-size:12.0pt;font-family:\" arial\",sans-serif\"=\"\">&nbsp;<\/span><\/p>\r\n\r\n<p class=\"MsoNormal\" style=\"margin-left:49.65pt;text-align:justify;text-indent:\r\n1.0cm\"><span style=\"font-size:12.0pt;font-family:\" arial\",sans-serif\"=\"\">02 de\r\nnovembro \u2013 Quinta-feira, Finados, Feriado Nacional.<o:p><\/o:p><\/span><\/p>\r\n\r\n<p class=\"MsoNormal\" style=\"margin-left:49.65pt;text-align:justify;text-indent:\r\n1.0cm\"><span style=\"font-size:12.0pt;font-family:\" arial\",sans-serif\"=\"\">03 de\r\nnovembro \u2013 Sexta-feira, Ponto Facultativo.<o:p><\/o:p><\/span><\/p>\r\n\r\n<p class=\"MsoNormal\" style=\"margin-left:49.65pt;text-align:justify;text-indent:\r\n1.0cm\"><span style=\"font-size:12.0pt;font-family:\" arial\",sans-serif\"=\"\">&nbsp;<\/span><\/p>\r\n\r\n<p class=\"MsoNormal\" style=\"margin-left:1.0cm;text-align:justify;line-height:\r\n115%\"><b><span style=\"font-size:12.0pt;\r\nline-height:115%;font-family:\" arial\",sans-serif\"=\"\">Par\u00e1grafo \u00fanico<\/span><\/b><span style=\"font-size:12.0pt;line-height:115%;font-family:\" arial\",sans-serif\"=\"\">:\r\nEntretanto, no per\u00edodo acima compreendido, os servidores da <b>Comiss\u00e3o Parlamentar Licitante (CPL),\r\nFinanceiro, Procuradoria e Administrativo<\/b>, ficar\u00e3o trabalhando em Home Office,\r\npodendo ser convocados ao trabalho nesta C\u00e2mara caso seja necess\u00e1rio.<o:p><\/o:p><\/span><\/p>\r\n\r\n<p class=\"MsoNormal\" style=\"text-align:justify;line-height:115%\"><span style=\"font-size:12.0pt;line-height:115%;font-family:\" arial\",sans-serif\"=\"\">&nbsp;<\/span><\/p>\r\n\r\n<p class=\"MsoNormal\" style=\"text-align:justify;text-indent:42.55pt;line-height:\r\n115%\"><b><span style=\"font-size:12.0pt;\r\nline-height:115%;font-family:\" arial\",sans-serif\"=\"\">Art. 2\u00ba<\/span><\/b><span style=\"font-size:12.0pt;line-height:115%;font-family:\" arial\",sans-serif\"=\"\"> - Este\r\nDecreto entra em vigor na data de sua publica\u00e7\u00e3o, revogando-se todas as\r\ndisposi\u00e7\u00f5es em contr\u00e1rio.<o:p><\/o:p><\/span><\/p>\r\n\r\n<p class=\"MsoNormal\" style=\"text-align:justify;text-indent:1.0cm;line-height:\r\n115%\"><span style=\"font-size:12.0pt;line-height:115%;font-family:\" arial\",sans-serif\"=\"\">&nbsp;<\/span><\/p>\r\n\r\n<p class=\"MsoNormal\" style=\"text-align:justify;text-indent:1.0cm;line-height:\r\n115%\"><span style=\"font-size:12.0pt;line-height:115%;font-family:\" arial\",sans-serif;=\"\" mso-bidi-font-weight:bold\"=\"\">&nbsp;<\/span><\/p>\r\n\r\n<p class=\"MsoNormal\" style=\"text-align:justify;text-indent:42.55pt;line-height:\r\n115%\"><b><span style=\"font-size:12.0pt;line-height:115%;font-family:\" arial\",sans-serif\"=\"\">D\u00ea-se\r\nci\u00eancia, publique-se e cumpra-se.<o:p><\/o:p><\/span><\/b><\/p>\r\n\r\n<p class=\"MsoNormal\" style=\"text-align:justify;text-indent:42.55pt;line-height:\r\n115%\"><span style=\"font-size:12.0pt;line-height:115%;font-family:\" arial\",sans-serif;=\"\" mso-bidi-font-weight:bold\"=\"\">&nbsp;<\/span><\/p>\r\n\r\n<p class=\"MsoNormal\" style=\"text-align:justify;text-indent:42.55pt;line-height:\r\n115%\"><span style=\"font-size:12.0pt;line-height:115%;font-family:\" arial\",sans-serif;=\"\" mso-bidi-font-weight:bold\"=\"\">&nbsp;<\/span><\/p>\r\n\r\n<p class=\"MsoNormal\" style=\"text-align:justify;text-indent:42.55pt;line-height:\r\n115%\"><span style=\"font-size:12.0pt;line-height:115%;font-family:\" arial\",sans-serif;=\"\" mso-bidi-font-weight:bold\"=\"\">Gabinete da Presid\u00eancia da C\u00e2mara Municipal de\r\nA\u00e7ail\u00e2ndia, Estado do Maranh\u00e3o, ao 01 (um) dia do m\u00eas de novembro do ano de 2023<\/span>\r\n<span style=\"font-size:12.0pt;line-height:115%;font-family:\" arial\",sans-serif;=\"\" mso-bidi-font-weight:bold\"=\"\">(dois mil e vinte tr\u00eas).<o:p><\/o:p><\/span><\/p>\r\n\r\n<p class=\"MsoNormal\"><span style=\"font-size:12.0pt;font-family:\" arial\",sans-serif\"=\"\">&nbsp;<\/span><\/p>\r\n\r\n<p class=\"MsoNormal\" align=\"center\" style=\"text-align:center\"><span style=\"font-size:12.0pt;font-family:\" arial\",sans-serif\"=\"\">&nbsp;<\/span><\/p>\r\n\r\n<p class=\"MsoNormal\" align=\"center\" style=\"text-align:center\"><span style=\"font-size:12.0pt;font-family:\" arial\",sans-serif\"=\"\">&nbsp;<\/span><\/p>\r\n\r\n<p class=\"MsoNormal\" align=\"center\" style=\"text-align:center\"><b><span style=\"font-size:12.0pt;font-family:\" arial\",sans-serif\"=\"\">FELIBERG\r\nMELO SOUSA<o:p><\/o:p><\/span><\/b><\/p>\r\n\r\n<p class=\"MsoNormal\" align=\"center\" style=\"text-align:center\"><b><span style=\"font-size:12.0pt;font-family:\" arial\",sans-serif\"=\"\">Presidente\r\nda C\u00e2mara<o:p><\/o:p><\/span><\/b><\/p>\r\n\r\n<p style=\"margin-top:0cm;margin-right:2.85pt;margin-bottom:0cm;margin-left:\r\n0cm;margin-bottom:.0001pt\"><b><span style=\"font-family:\" arial\",sans-serif\"=\"\">&nbsp;<\/span><\/b><\/p>"
    },
    {
        "Nome": "DECRETO N\u00b0 008\/2023 - PONTO FACULTATIVO",
        "Numero": "008",
        "Exercicio": "2023",
        "Descricao": "<p class=\"MsoNormal\"><b><span style=\"font-size:12.0pt;font-family:\" arial\",sans-serif\"=\"\">DECRETO N\u00ba 008\/2023, DE\r\n11 DE OUTUBRO DE 2023.<o:p><\/o:p><\/span><\/b><\/p>\r\n\r\n<p class=\"MsoNormal\" align=\"center\" style=\"text-align:center\"><b><span style=\"font-size:13.0pt;font-family:\" arial\",sans-serif\"=\"\">&nbsp;<\/span><\/b><\/p>\r\n\r\n<p class=\"MsoNormal\" style=\"text-align:justify\"><span style=\"font-size:12.0pt;\r\nfont-family:\" arial\",sans-serif\"=\"\">&nbsp;<\/span><\/p>\r\n\r\n<p class=\"MsoNormal\" style=\"margin-left:241.0pt;text-align:justify\"><i><span style=\"font-size:11.0pt;font-family:\r\n\" arial\",sans-serif\"=\"\">&nbsp;\u201cFica Decretado ponto\r\nfacultativo no \u00e2mbito da C\u00e2mara Municipal de Vereadores do munic\u00edpio de A\u00e7ail\u00e2ndia\r\n\u2013 MA e d\u00e1 outras provid\u00eancias<\/span><\/i><i><span style=\"font-family:\" arial\",sans-serif\"=\"\">\u201d.<\/span><\/i><i><span style=\"font-size:11.0pt;font-family:\" arial\",sans-serif\"=\"\"><o:p><\/o:p><\/span><\/i><\/p>\r\n\r\n<p class=\"MsoNormal\" style=\"margin-left:205.55pt;text-align:justify;text-indent:\r\n-7.1pt\"><span style=\"font-size:12.0pt;font-family:\" arial\",sans-serif\"=\"\">&nbsp;<\/span><\/p>\r\n\r\n<p class=\"MsoNormal\" style=\"text-align:justify\"><b><span style=\"font-size:12.0pt;font-family:\" arial\",sans-serif\"=\"\">&nbsp;<\/span><\/b><\/p>\r\n\r\n<p class=\"MsoNormal\" style=\"text-align:justify;text-indent:42.55pt;line-height:\r\n115%\"><b><span style=\"font-size:12.0pt;\r\nline-height:115%;font-family:\" arial\",sans-serif\"=\"\">O PRESIDENTE DA C\u00c2MARA\r\nMUNICIPAL DE A\u00c7AIL\u00c2NDIA<\/span><\/b><span style=\"font-size:12.0pt;line-height:\r\n115%;font-family:\" arial\",sans-serif\"=\"\">, Estado do Maranh\u00e3o, no uso de suas\r\natribui\u00e7\u00f5es legais conferidas pelo Regimento Interno e Lei Org\u00e2nica do\r\nMunic\u00edpio.<o:p><\/o:p><\/span><\/p>\r\n\r\n<p class=\"MsoNormal\" style=\"text-align:justify;text-indent:42.55pt;line-height:\r\n115%\"><b><span style=\"font-size:12.0pt;line-height:115%;font-family:\" arial\",sans-serif\"=\"\">&nbsp;<\/span><\/b><\/p>\r\n\r\n<p class=\"MsoNormal\" style=\"text-align:justify;text-indent:42.55pt;line-height:\r\n115%\"><b><span style=\"font-size:12.0pt;line-height:115%;font-family:\" arial\",sans-serif\"=\"\">Considerando<\/span><\/b><span style=\"font-size:12.0pt;line-height:115%;font-family:\" arial\",sans-serif\"=\"\"> o Decreto\r\nMunicipal n\u00ba 35, de 16 de fevereiro de 2023.<o:p><\/o:p><\/span><\/p>\r\n\r\n<p class=\"MsoNormal\" style=\"text-align:justify\"><span style=\"font-size:12.0pt;\r\nfont-family:\" arial\",sans-serif\"=\"\">&nbsp;<\/span><\/p>\r\n\r\n<p class=\"MsoNormal\" style=\"text-align:justify\"><b><span style=\"font-size:12.0pt;font-family:\" arial\",sans-serif\"=\"\">&nbsp;<\/span><\/b><\/p>\r\n\r\n<p class=\"MsoNormal\" align=\"center\" style=\"text-align:center\"><b><span style=\"font-size:12.0pt;font-family:\" arial\",sans-serif\"=\"\">D E C R E\r\nT A :<o:p><\/o:p><\/span><\/b><\/p>\r\n\r\n<p class=\"MsoNormal\" style=\"text-align:justify\"><b><span style=\"font-size:12.0pt;font-family:\" arial\",sans-serif\"=\"\">&nbsp;<\/span><\/b><\/p>\r\n\r\n<p class=\"MsoNormal\" style=\"text-align:justify;text-indent:1.0cm\"><b><span style=\"font-size:12.0pt;font-family:\r\n\" arial\",sans-serif\"=\"\">Art. 1\u00ba <\/span><\/b><span style=\"font-size:12.0pt;\r\nfont-family:\" arial\",sans-serif\"=\"\">- Fica decretado ponto facultativo na C\u00e2mara\r\nMunicipal de A\u00e7ail\u00e2ndia:<o:p><\/o:p><\/span><\/p>\r\n\r\n<p class=\"MsoNormal\" style=\"text-align:justify;text-indent:1.0cm\"><span style=\"font-size:12.0pt;font-family:\" arial\",sans-serif\"=\"\">&nbsp;<\/span><\/p>\r\n\r\n<p class=\"MsoNormal\" style=\"margin-left:49.65pt;text-align:justify;text-indent:\r\n1.0cm\"><span style=\"font-size:12.0pt;font-family:\" arial\",sans-serif\"=\"\">12 de outubro\r\n\u2013 Quinta-feira, Padroeira do Brasil; Feriado Nacional;<o:p><\/o:p><\/span><\/p>\r\n\r\n<p class=\"MsoNormal\" style=\"margin-left:49.65pt;text-align:justify;text-indent:\r\n1.0cm\"><span style=\"font-size:12.0pt;font-family:\" arial\",sans-serif\"=\"\">13 de\r\noutubro \u2013 Sexta-feira, Ponto Facultativo.<o:p><\/o:p><\/span><\/p>\r\n\r\n<p class=\"MsoNormal\" style=\"margin-left:49.65pt;text-align:justify;text-indent:\r\n1.0cm\"><span style=\"font-size:12.0pt;font-family:\" arial\",sans-serif\"=\"\">&nbsp;<\/span><\/p>\r\n\r\n<p class=\"MsoNormal\" style=\"margin-left:1.0cm;text-align:justify;line-height:\r\n115%\"><b><span style=\"font-size:12.0pt;\r\nline-height:115%;font-family:\" arial\",sans-serif\"=\"\">Par\u00e1grafo \u00fanico<\/span><\/b><span style=\"font-size:12.0pt;line-height:115%;font-family:\" arial\",sans-serif\"=\"\">:\r\nEntretanto, no per\u00edodo acima compreendido, os servidores da <b>Comiss\u00e3o Parlamentar Licitante (CPL),\r\nFinanceiro, Procuradoria e Administrativo<\/b>, ficar\u00e3o trabalhando em Home Office,\r\npodendo ser convocados ao trabalho nesta C\u00e2mara caso seja necess\u00e1rio.<o:p><\/o:p><\/span><\/p>\r\n\r\n<p class=\"MsoNormal\" style=\"text-align:justify;line-height:115%\"><span style=\"font-size:12.0pt;line-height:115%;font-family:\" arial\",sans-serif\"=\"\">&nbsp;<\/span><\/p>\r\n\r\n<p class=\"MsoNormal\" style=\"text-align:justify;text-indent:42.55pt;line-height:\r\n115%\"><b><span style=\"font-size:12.0pt;\r\nline-height:115%;font-family:\" arial\",sans-serif\"=\"\">Art. 2\u00ba<\/span><\/b><span style=\"font-size:12.0pt;line-height:115%;font-family:\" arial\",sans-serif\"=\"\"> - Este\r\nDecreto entra em vigor na data de sua publica\u00e7\u00e3o, revogando-se todas as\r\ndisposi\u00e7\u00f5es em contr\u00e1rio.<o:p><\/o:p><\/span><\/p>\r\n\r\n<p class=\"MsoNormal\" style=\"text-align:justify;text-indent:1.0cm;line-height:\r\n115%\"><span style=\"font-size:12.0pt;line-height:115%;font-family:\" arial\",sans-serif\"=\"\">&nbsp;<\/span><\/p>\r\n\r\n<p class=\"MsoNormal\" style=\"text-align:justify;text-indent:1.0cm;line-height:\r\n115%\"><span style=\"font-size:12.0pt;line-height:115%;font-family:\" arial\",sans-serif;=\"\" mso-bidi-font-weight:bold\"=\"\">&nbsp;<\/span><\/p>\r\n\r\n<p class=\"MsoNormal\" style=\"text-align:justify;text-indent:42.55pt;line-height:\r\n115%\"><b><span style=\"font-size:12.0pt;line-height:115%;font-family:\" arial\",sans-serif\"=\"\">D\u00ea-se\r\nci\u00eancia, publique-se e cumpra-se.<o:p><\/o:p><\/span><\/b><\/p>\r\n\r\n<p class=\"MsoNormal\" style=\"text-align:justify;text-indent:42.55pt;line-height:\r\n115%\"><span style=\"font-size:12.0pt;line-height:115%;font-family:\" arial\",sans-serif;=\"\" mso-bidi-font-weight:bold\"=\"\">&nbsp;<\/span><\/p>\r\n\r\n<p class=\"MsoNormal\" style=\"text-align:justify;text-indent:42.55pt;line-height:\r\n115%\"><span style=\"font-size:12.0pt;line-height:115%;font-family:\" arial\",sans-serif;=\"\" mso-bidi-font-weight:bold\"=\"\">&nbsp;<\/span><\/p>\r\n\r\n<p class=\"MsoNormal\" style=\"text-align:justify;text-indent:42.55pt;line-height:\r\n115%\"><span style=\"font-size:12.0pt;line-height:115%;font-family:\" arial\",sans-serif;=\"\" mso-bidi-font-weight:bold\"=\"\">Gabinete da Presid\u00eancia da C\u00e2mara Municipal de\r\nA\u00e7ail\u00e2ndia, Estado do Maranh\u00e3o, aos 11 (onze) dias do m\u00eas de outubro do ano de\r\n2023<\/span> <span style=\"font-size:12.0pt;line-height:115%;font-family:\" arial\",sans-serif;=\"\" mso-bidi-font-weight:bold\"=\"\">(dois mil e vinte tr\u00eas).<o:p><\/o:p><\/span><\/p>\r\n\r\n<p class=\"MsoNormal\"><span style=\"font-size:12.0pt;font-family:\" arial\",sans-serif\"=\"\">&nbsp;<\/span><\/p>\r\n\r\n<p class=\"MsoNormal\" align=\"center\" style=\"text-align:center\"><span style=\"font-size:12.0pt;font-family:\" arial\",sans-serif\"=\"\">&nbsp;<\/span><\/p>\r\n\r\n<p class=\"MsoNormal\" align=\"center\" style=\"text-align:center\"><span style=\"font-size:12.0pt;font-family:\" arial\",sans-serif\"=\"\">&nbsp;<\/span><\/p>\r\n\r\n<p class=\"MsoNormal\" align=\"center\" style=\"text-align:center\"><b><span style=\"font-size:12.0pt;font-family:\" arial\",sans-serif\"=\"\">FELIBERG\r\nMELO SOUSA<o:p><\/o:p><\/span><\/b><\/p>\r\n\r\n<p class=\"MsoNormal\" align=\"center\" style=\"text-align:center\"><b><span style=\"font-size:12.0pt;font-family:\" arial\",sans-serif\"=\"\">Presidente\r\nda C\u00e2mara<o:p><\/o:p><\/span><\/b><\/p>\r\n\r\n<p style=\"margin-top:0cm;margin-right:2.85pt;margin-bottom:0cm;margin-left:\r\n0cm;margin-bottom:.0001pt\"><b><span style=\"font-family:\" arial\",sans-serif\"=\"\">&nbsp;<\/span><\/b><\/p>"
    },
    {
        "Nome": "DECRETO N\u00ba 108\/2023 - ABERTURA DE CR\u00c9DITOS  SUPLEMENTARES",
        "Numero": "108",
        "Exercicio": "2023",
        "Descricao": "ESTADO DO MARANH\u00c3O\r\nPREFEITURA MUNICIPAL DE A\u00c7AIL\u00c2NDIA\r\nCNPJ: 07.000.268\/0001-72\r\n___________________________________________________________________________\r\nP\u00e1gina 1 de 1\r\nDECRETO N\u00ba 108, de 03 de julho de 2023.\r\n\"DISP\u00d5E SOBRE A ABERTURA DE CR\u00c9DITOS \r\nSUPLEMENTARES E DA OUTRAS PROVID\u00caNCIAS\u201d.\r\nO PREFEITO MUNICIPAL, no uso de suas atribui\u00e7\u00f5es legais e tendo em vista os \r\ndispositivos contidos na Lei Ordin\u00e1ria Municipal N\u00ba 679\/2023.\r\nD E C R E T A:\r\nArt. 1\u00ba - Fica aberto na contadoria deste(a) Prefeitura Municipal um cr\u00e9dito suplementar no \r\nvalor de R$ 15.011,62 (quinze mil e onze reais, sessenta e dois centavos), destinados a \r\nconstitu\u00edrem refor\u00e7os as seguintes dota\u00e7\u00f5es Or\u00e7ament\u00e1rias:\r\n01.031.0001.2-002 - Manuten\u00e7\u00e3o Administrativa da C\u00e2mara Municipal\r\n3.3.90.14.00.00-Di\u00e1rias - Civil 8.250,00\r\n4.4.90.52.00.00-Equipamentos e Material Permanente 6.761,62\r\n TOTAL: 15.011,62\r\nArt. 2\u00ba - Para cobertura dos cr\u00e9ditos abertos no artigo anterior, ser\u00e1 usado como recursos a \r\nanula\u00e7\u00e3o parcial das seguintes dota\u00e7\u00f5es Or\u00e7ament\u00e1rias:\r\n01.031.0001.1-001 - Aquisi\u00e7\u00e3o de ve\u00edculo para representa\u00e7\u00e3o\r\n4.4.90.52.00.00-Equipamentos e Material Permanente 7.000,00\r\n01.031.0001.2-002 - Manuten\u00e7\u00e3o Administrativa da C\u00e2mara Municipal\r\n3.1.90.13.00.00-Obriga\u00e7\u00f5es Patronais 8.011,62\r\n TOTAL: 15.011,62\r\nArt. 3o - Este decreto entrar\u00e1 em vigor na data de sua publica\u00e7\u00e3o, revogando-se as disposi\u00e7\u00f5es \r\nem contr\u00e1rio.\r\nPrefeitura Municipal de A\u00e7ail\u00e2ndia, aos 03 dias do m\u00eas de julho de 2023.\r\nALUISIO SILVA SOUSA\r\nPrefeito Municipal\r\nDocumento assinado eletronicamente por Alu\u00edsio Silva Sousa,Prefeito Municipal, em 03\/07\/2023 13:00:02, conforme hor\u00e1rio oficial de Bras\u00edlia,\r\n.com fundamento no art. 6\u00ba, \u00a7 1\u00ba, do Decreto n\u00ba 8.539, de 8 de outubro de 2015.\r\nA autenticidade do documento pode ser conferida no site https:\/\/eproc.acailandia.ma.gov.br\/validar, informando o c\u00f3digo verificador:\r\nDOC-91693391167<br>"
    },
    {
        "Nome": "DECRETO N\u00ba 96\/2023 - ABERTURA DE CR\u00c9DITOS  SUPLEMENTARES",
        "Numero": "96",
        "Exercicio": "2023",
        "Descricao": "ESTADO DO MARANH\u00c3O\r\nPREFEITURA MUNICIPAL DE A\u00c7AIL\u00c2NDIA\r\nCNPJ: 07.000.268\/0001-72\r\n___________________________________________________________________________\r\nP\u00e1gina 1 de 1\r\nDECRETO N\u00ba 96, de 01 de junho de 2023.\r\n\"DISP\u00d5E SOBRE A ABERTURA DE CR\u00c9DITOS \r\nSUPLEMENTARES E DA OUTRAS PROVID\u00caNCIAS\u201d.\r\nO PREFEITO MUNICIPAL, no uso de suas atribui\u00e7\u00f5es legais e tendo em vista os \r\ndispositivos contidos na Lei Ordin\u00e1ria Municipal N\u00ba 679\/2022.\r\nD E C R E T A:\r\nArt. 1\u00ba - Fica aberto na contadoria deste(a) Prefeitura Municipal um cr\u00e9dito suplementar no \r\nvalor de R$ 94.250,00 (noventa e quatro mil e duzentos e cinquenta reais), destinados a \r\nconstitu\u00edrem refor\u00e7os as seguintes dota\u00e7\u00f5es Or\u00e7ament\u00e1rias:\r\n01.031.0001.2-002 - Manuten\u00e7\u00e3o Administrativa da C\u00e2mara Municipal\r\n3.3.90.14.00.00-Di\u00e1rias - Civil 94.250,00\r\n TOTAL: 94.250,00\r\nArt. 2\u00ba - Para cobertura dos cr\u00e9ditos abertos no artigo anterior, ser\u00e1 usado como recursos a \r\nanula\u00e7\u00e3o parcial das seguintes dota\u00e7\u00f5es Or\u00e7ament\u00e1rias:\r\n01.031.0001.2-002 - Manuten\u00e7\u00e3o Administrativa da C\u00e2mara Municipal\r\n3.1.90.11.00.00-Vencimentos e Vantagens Fixas - Pessoal Civil 94.250,00\r\n TOTAL: 94.250,00\r\nArt. 3o - Este decreto entrar\u00e1 em vigor na data de sua publica\u00e7\u00e3o, revogando-se as disposi\u00e7\u00f5es \r\nem contr\u00e1rio.\r\nPrefeitura Municipal de A\u00e7ail\u00e2ndia, aos 01 dias do m\u00eas de junho de 2023.\r\nALUISIO SILVA SOUSA\r\nPrefeito Municipal\r\nDocumento assinado eletronicamente por Alu\u00edsio Silva Sousa,Prefeito Municipal, em 01\/06\/2023 12:59:56, conforme hor\u00e1rio oficial de Bras\u00edlia,\r\n.com fundamento no art. 6\u00ba, \u00a7 1\u00ba, do Decreto n\u00ba 8.539, de 8 de outubro de 2015.\r\nA autenticidade do documento pode ser conferida no site https:\/\/eproc.acailandia.ma.gov.br\/validar, informando o c\u00f3digo verificador:\r\nDOC-16316397139<br>"
    },
    {
        "Nome": "DECRETO N\u00ba 82\/2023 - ABERTURA DE CR\u00c9DITOS  SUPLEMENTARES",
        "Numero": "82",
        "Exercicio": "2023",
        "Descricao": "ESTADO DO MARANH\u00c3O\r\nPREFEITURA MUNICIPAL DE A\u00c7AIL\u00c2NDIA\r\nCNPJ: 07.000.268\/0001-72\r\n___________________________________________________________________________\r\nP\u00e1gina 1 de 1\r\nDECRETO N\u00ba 82, de 02 de maio de 2023.\r\n\"DISP\u00d5E SOBRE A ABERTURA DE CR\u00c9DITOS \r\nSUPLEMENTARES E DA OUTRAS PROVID\u00caNCIAS\u201d.\r\nO PREFEITO MUNICIPAL, no uso de suas atribui\u00e7\u00f5es legais e tendo em vista os \r\ndispositivos contidos na Lei Ordin\u00e1ria Municipal N\u00ba 679\/2022.\r\nD E C R E T A:\r\nArt. 1\u00ba - Fica aberto na contadoria deste(a) Prefeitura Municipal um cr\u00e9dito suplementar no \r\nvalor de R$ 141.338,00 (cento e quarenta e um mil e trezentos e trinta e oito reais), destinados \r\na constitu\u00edrem refor\u00e7os as seguintes dota\u00e7\u00f5es Or\u00e7ament\u00e1rias:\r\n01.031.0001.2-002 - Manuten\u00e7\u00e3o Administrativa da C\u00e2mara Municipal\r\n3.3.90.14.00.00-Di\u00e1rias - Civil 71.880,00\r\n3.3.90.30.00.00-Material de Consumo 7.500,00\r\n3.3.90.39.00.00-Outros Servi\u00e7os de Terceiros - Pessoa Jur\u00eddic 11.085,00\r\n4.4.90.52.00.00-Equipamentos e Material Permanente 50.873,00\r\n TOTAL: 141.338,00\r\nArt. 2\u00ba - Para cobertura dos cr\u00e9ditos abertos no artigo anterior, ser\u00e1 usado como recursos a \r\nanula\u00e7\u00e3o parcial das seguintes dota\u00e7\u00f5es Or\u00e7ament\u00e1rias:\r\n01.031.0001.2-002 - Manuten\u00e7\u00e3o Administrativa da C\u00e2mara Municipal\r\n3.1.90.11.00.00-Vencimentos e Vantagens Fixas - Pessoal Civil 141.338,00\r\n TOTAL: 141.338,00\r\nArt. 3o - Este decreto entrar\u00e1 em vigor na data de sua publica\u00e7\u00e3o, revogando-se as disposi\u00e7\u00f5es \r\nem contr\u00e1rio.\r\nPrefeitura Municipal de A\u00e7ail\u00e2ndia, aos 02 dias do m\u00eas de maio de 2023.\r\nALUISIO SILVA SOUSA\r\nPrefeito Municipal\r\nDocumento assinado eletronicamente por Alu\u00edsio Silva Sousa,Prefeito Municipal, em 02\/05\/2023 13:29:51, conforme hor\u00e1rio oficial de Bras\u00edlia,\r\n.com fundamento no art. 6\u00ba, \u00a7 1\u00ba, do Decreto n\u00ba 8.539, de 8 de outubro de 2015.\r\nA autenticidade do documento pode ser conferida no site https:\/\/eproc.acailandia.ma.gov.br\/validar, informando o c\u00f3digo verificador:\r\nDOC-68169196313<br>"
    },
    {
        "Nome": "DECRETO N\u00ba 66\/2023 - ABERTURA DE CR\u00c9DITOS  SUPLEMENTARES",
        "Numero": "66",
        "Exercicio": "2023",
        "Descricao": "ESTADO DO MARANH\u00c3O\r\nPREFEITURA MUNICIPAL DE A\u00c7AIL\u00c2NDIA\r\nCNPJ: 07.000.268\/0001-72\r\n___________________________________________________________________________\r\nP\u00e1gina 1 de 2\r\nDECRETO N\u00ba 66, de 03 de abril de 2023.\r\n\"DISP\u00d5E SOBRE A ABERTURA DE CR\u00c9DITOS \r\nSUPLEMENTARES E DA OUTRAS PROVID\u00caNCIAS\u201d.\r\nO PREFEITO MUNICIPAL, no uso de suas atribui\u00e7\u00f5es legais e tendo em vista os \r\ndispositivos contidos na Lei Ordin\u00e1ria Municipal N\u00ba 679\/2022.\r\nD E C R E T A:\r\nArt. 1\u00ba - Fica aberto na contadoria deste(a) Prefeitura Municipal um cr\u00e9dito suplementar no \r\nvalor de R$ 936.778,03 (novecentos e trinta e seis mil e setecentos e setenta e oito reais, tr\u00eas \r\ncentavos), destinados a constitu\u00edrem refor\u00e7os as seguintes dota\u00e7\u00f5es Or\u00e7ament\u00e1rias:\r\n01.031.0001.2-002 - Manuten\u00e7\u00e3o Administrativa da C\u00e2mara Municipal\r\n3.3.90.30.00.00-Material de Consumo 190.925,87\r\n3.3.90.39.00.00-Outros Servi\u00e7os de Terceiros - Pessoa Jur\u00eddica 567.056,42\r\n4.4.90.52.00.00-Equipamentos e Material Permanente 178.795,74\r\n TOTAL: 936.778,03\r\nArt. 2\u00ba - Para cobertura dos cr\u00e9ditos abertos no artigo anterior, ser\u00e1 usado como recursos a \r\nanula\u00e7\u00e3o parcial das seguintes dota\u00e7\u00f5es Or\u00e7ament\u00e1rias:\r\n01.031.0001.1-001 - Aquisi\u00e7\u00e3o de ve\u00edculo para representa\u00e7\u00e3o\r\n4.4.90.52.00.00-Equipamentos e Material Permanente 190.000,00\r\n01.031.0001.1-003 - REFORMA E AMPLIA\u00c7\u00c3O DO PR\u00c9DIO DA C\u00c2MARA\r\n4.4.90.51.00.00-Obras e Instala\u00e7\u00f5es 30.000,00\r\n01.031.0001.2-002 - Manuten\u00e7\u00e3o Administrativa da C\u00e2mara Municipal\r\n3.1.90.11.00.00-Vencimentos e Vantagens Fixas - Pessoal Civil 188.778,03\r\n3.1.90.13.00.00-Obriga\u00e7\u00f5es Patronais 300.000,00\r\n3.3.90.35.00.00-Servi\u00e7os de Consultoria 149.000,00\r\n3.3.90.40.00.00-Servi\u00e7os de Tecnologia da Informa\u00e7\u00e3o e Comuni 59.000,00\r\n3.3.90.92.00.00-Despesas de Exerc\u00edcios Anteriores 20.000,00\r\n TOTAL: 936.778,03\r\nDocumento assinado eletronicamente por Alu\u00edsio Silva Sousa,Prefeito Municipal, em 03\/04\/2023 12:41:22, conforme hor\u00e1rio oficial de Bras\u00edlia,\r\n.com fundamento no art. 6\u00ba, \u00a7 1\u00ba, do Decreto n\u00ba 8.539, de 8 de outubro de 2015.\r\nA autenticidade do documento pode ser conferida no site https:\/\/eproc.acailandia.ma.gov.br\/validar, informando o c\u00f3digo verificador:\r\nDOC-61166199303\r\nESTADO DO MARANH\u00c3O\r\nPREFEITURA MUNICIPAL DE A\u00c7AIL\u00c2NDIA\r\nCNPJ: 07.000.268\/0001-72\r\n___________________________________________________________________________\r\nP\u00e1gina 2 de 2\r\nArt. 3o - Este decreto entrar\u00e1 em vigor na data de sua publica\u00e7\u00e3o, revogando-se as disposi\u00e7\u00f5es \r\nem contr\u00e1rio.\r\nPrefeitura Municipal de A\u00e7ail\u00e2ndia, aos 03 dias do m\u00eas de abril de 2023.\r\nALUISIO SILVA SOUSA\r\nPrefeito Municipal\r\nDocumento assinado eletronicamente por Alu\u00edsio Silva Sousa, Prefeito Municipal, em 03\/04\/2023 12:41:22, conforme hor\u00e1rio oficial de Bras\u00edlia,\r\n.com fundamento no art. 6\u00ba, \u00a7 1\u00ba, do Decreto n\u00ba 8.539, de 8 de outubro de 2015.\r\nA autenticidade do documento pode ser conferida no site https:\/\/eproc.acailandia.ma.gov.br\/validar, informando o c\u00f3digo verificador:\r\nDOC-61166199303<br>"
    },
    {
        "Nome": "DECRETO N\u00b0 007\/2023 - DESIGNA\u00c7\u00c3O",
        "Numero": "007",
        "Exercicio": "2023",
        "Descricao": "<p class=\"MsoNormal\" style=\"margin-bottom:0cm;margin-bottom:.0001pt;line-height:\r\n150%\"><b><span style=\"font-size:12.0pt;line-height:150%\">DECRETO N\u00ba 007\/2023,\r\nDE 21 DE SETEMBRO DE 2023.<o:p><\/o:p><\/span><\/b><\/p>\r\n\r\n<p class=\"MsoNormal\" style=\"margin-bottom:0cm;margin-bottom:.0001pt;line-height:\r\n150%\"><o:p>&nbsp;<\/o:p><\/p>\r\n\r\n<p class=\"MsoNormal\" style=\"margin-top:0cm;margin-right:7.05pt;margin-bottom:\r\n0cm;margin-left:0cm;margin-bottom:.0001pt;text-align:justify;text-indent:35.45pt;\r\nline-height:150%\"><b>O PRESIDENTE DA C\u00c2MARA MUNICIPAL<\/b>, no exerc\u00edcio de suas\r\natribui\u00e7\u00f5es, com amparo nos dispositivos regimentais e legais.<o:p><\/o:p><\/p>\r\n\r\n<p class=\"MsoNormal\" style=\"margin-top:0cm;margin-right:7.05pt;margin-bottom:\r\n0cm;margin-left:0cm;margin-bottom:.0001pt;text-align:justify;text-indent:35.45pt;\r\nline-height:150%\"><b>&nbsp;<\/b><\/p>\r\n\r\n<p class=\"MsoNormal\" style=\"margin-top:0cm;margin-right:7.05pt;margin-bottom:\r\n0cm;margin-left:0cm;margin-bottom:.0001pt;text-align:justify;text-indent:35.45pt;\r\nline-height:150%\"><b>CONSIDERANDO <\/b>o que reza a Resolu\u00e7\u00e3o Administrativa\r\nN\u00ba003, de 06 de abril de 2022, que disp\u00f5e sobre a Cria\u00e7\u00e3o da Procuradoria da\r\nMulher no \u00e2mbito da C\u00e2mara Municipal de A\u00e7ail\u00e2ndia.<o:p><\/o:p><\/p>\r\n\r\n<p class=\"MsoNormal\" style=\"margin-top:0cm;margin-right:7.05pt;margin-bottom:\r\n0cm;margin-left:0cm;margin-bottom:.0001pt;text-align:justify;text-indent:35.45pt;\r\nline-height:150%\"><b>CONSIDERANDO <\/b>a import\u00e2ncia da Procuradoria da Mulher\r\nnos estados e munic\u00edpios que busca garantir maior representatividade,\r\nvisibilidade e destaque \u00e0s mulheres na pol\u00edtica, e da atua\u00e7\u00e3o deste \u00f3rg\u00e3o em\r\ncombater a viol\u00eancia e a discrimina\u00e7\u00e3o contra as mulheres em nossa sociedade,\r\nqualificar os debates de g\u00eanero nos parlamentos, receber e encaminhar \u00e0s\r\ninstitui\u00e7\u00f5es competentes as demandas e anseios da popula\u00e7\u00e3o.<b>&nbsp;&nbsp;&nbsp;&nbsp;&nbsp;&nbsp;&nbsp;&nbsp;&nbsp;&nbsp;&nbsp;&nbsp;&nbsp;&nbsp;&nbsp;&nbsp;&nbsp;&nbsp;&nbsp;&nbsp;&nbsp;&nbsp;&nbsp;&nbsp;&nbsp; &nbsp;&nbsp;&nbsp; &nbsp;&nbsp;&nbsp;&nbsp;&nbsp;&nbsp;&nbsp;&nbsp;&nbsp;&nbsp;&nbsp;&nbsp;&nbsp;&nbsp;&nbsp;&nbsp;&nbsp;&nbsp;&nbsp;&nbsp;&nbsp;&nbsp;&nbsp;&nbsp;&nbsp;&nbsp; <o:p><\/o:p><\/b><\/p>\r\n\r\n<p class=\"MsoNormal\" style=\"margin-top:0cm;margin-right:7.05pt;margin-bottom:\r\n0cm;margin-left:0cm;margin-bottom:.0001pt;text-align:justify;text-indent:35.45pt;\r\nline-height:150%\"><b>&nbsp;<\/b><\/p>\r\n\r\n<p class=\"MsoNormal\" style=\"margin-top:0cm;margin-right:7.05pt;margin-bottom:\r\n0cm;margin-left:0cm;margin-bottom:.0001pt;text-align:justify;text-indent:35.45pt;\r\nline-height:150%\"><b>DECRETA: <\/b><o:p><\/o:p><\/p>\r\n\r\n<p class=\"MsoNormal\" style=\"margin-top:0cm;margin-right:7.05pt;margin-bottom:\r\n0cm;margin-left:0cm;margin-bottom:.0001pt;text-align:justify;text-indent:35.45pt;\r\nline-height:150%\">Art. 1\u00ba DESIGNAR a vereadora THAIS DOS SANTOS BRITO como Procuradora\r\nda Mulher na C\u00e2mara Municipal de A\u00e7ail\u00e2ndia e a vereadora BERNADETE MARIQUINHA,\r\ncomo Procuradora Adjunta da referida C\u00e2mara durante o exerc\u00edcio administrativo\r\nda Mesa Diretora do Bi\u00eanio 2023\/2024, ou seja, at\u00e9 o dia 31 de dezembro de\r\n2024.<o:p><\/o:p><\/p>\r\n\r\n<p class=\"MsoNormal\" style=\"margin-top:0cm;margin-right:7.05pt;margin-bottom:\r\n0cm;margin-left:0cm;margin-bottom:.0001pt;text-align:justify;text-indent:35.45pt;\r\nline-height:150%\"><o:p>&nbsp;<\/o:p><\/p>\r\n\r\n<p class=\"MsoNormal\" style=\"margin-top:0cm;margin-right:7.05pt;margin-bottom:\r\n0cm;margin-left:0cm;margin-bottom:.0001pt;text-align:justify;text-indent:35.45pt;\r\nline-height:150%\">Art. 2\u00ba Este Ato entra em vigor na data de sua publica\u00e7\u00e3o.<o:p><\/o:p><\/p>\r\n\r\n<p class=\"MsoNormal\" style=\"margin-top:0cm;margin-right:7.05pt;margin-bottom:\r\n0cm;margin-left:0cm;margin-bottom:.0001pt;text-align:justify;text-indent:35.45pt;\r\nline-height:150%\"><span style=\"font-size:12.0pt;line-height:150%\">&nbsp;<\/span><\/p>\r\n\r\n<p class=\"MsoNormal\" style=\"margin-top:0cm;margin-right:7.05pt;margin-bottom:\r\n0cm;margin-left:0cm;margin-bottom:.0001pt;text-align:justify;text-indent:35.45pt;\r\nline-height:150%\">Plen\u00e1rio Carlos Alberto Chaves, C\u00e2mara Municipal de\r\nA\u00e7ail\u00e2ndia, 21 de setembro de 2023.<br>\r\n<br>\r\n&nbsp;&nbsp;&nbsp;&nbsp;&nbsp;&nbsp;&nbsp;&nbsp;&nbsp;&nbsp;&nbsp;&nbsp;&nbsp;&nbsp;&nbsp;&nbsp;&nbsp;&nbsp;&nbsp;&nbsp;&nbsp;&nbsp;&nbsp;&nbsp;&nbsp;&nbsp;&nbsp;&nbsp;&nbsp;&nbsp;&nbsp;&nbsp;&nbsp;&nbsp;&nbsp;&nbsp;&nbsp;&nbsp;&nbsp;&nbsp; &nbsp;&nbsp;&nbsp;&nbsp;&nbsp;&nbsp;&nbsp;&nbsp;&nbsp;&nbsp;<o:p><\/o:p><\/p>\r\n\r\n<p class=\"MsoNormal\" align=\"center\" style=\"margin-top:0cm;margin-right:0cm;\r\nmargin-bottom:0cm;margin-left:11.35pt;margin-bottom:.0001pt;text-align:center;\r\nline-height:150%\">________________________________________<o:p><\/o:p><\/p>\r\n\r\n<p class=\"MsoNormal\" align=\"center\" style=\"margin-top:0cm;margin-right:0cm;\r\nmargin-bottom:0cm;margin-left:11.35pt;margin-bottom:.0001pt;text-align:center;\r\nline-height:150%\"><b><span style=\"font-size:14.0pt;line-height:150%\">FELIBERG MELO DE SOUSA <o:p><\/o:p><\/span><\/b><\/p>\r\n\r\n<p class=\"MsoNormal\" align=\"center\" style=\"margin-top:0cm;margin-right:0cm;\r\nmargin-bottom:0cm;margin-left:11.35pt;margin-bottom:.0001pt;text-align:center;\r\nline-height:150%\"><b>PRESIDENTE<\/b><span style=\"font-size:12.0pt;line-height:150%;font-family:&quot;Arial&quot;,sans-serif\">&nbsp;&nbsp;&nbsp;&nbsp;&nbsp;&nbsp;&nbsp;&nbsp;&nbsp;&nbsp;&nbsp;&nbsp;&nbsp;&nbsp;&nbsp;&nbsp;&nbsp;&nbsp;&nbsp;&nbsp;&nbsp;&nbsp;&nbsp;&nbsp;&nbsp;&nbsp;&nbsp;&nbsp;&nbsp;&nbsp;&nbsp;&nbsp;&nbsp;&nbsp;&nbsp;&nbsp;&nbsp;&nbsp;&nbsp;&nbsp;&nbsp;&nbsp;&nbsp;&nbsp;&nbsp;&nbsp;&nbsp;\r\n<\/span><b><o:p><\/o:p><\/b><\/p>\r\n\r\n<p class=\"MsoNormal\">&nbsp; &nbsp; &nbsp; &nbsp; &nbsp; &nbsp; &nbsp; &nbsp; &nbsp; &nbsp; &nbsp; &nbsp; &nbsp; &nbsp; &nbsp; &nbsp; &nbsp; &nbsp; &nbsp; &nbsp; &nbsp; &nbsp; &nbsp; &nbsp; &nbsp; &nbsp; &nbsp; &nbsp; &nbsp; &nbsp; &nbsp; &nbsp; &nbsp; &nbsp; &nbsp; &nbsp; &nbsp; &nbsp; &nbsp; &nbsp; &nbsp; &nbsp; &nbsp; &nbsp; &nbsp; &nbsp; &nbsp; &nbsp; &nbsp; &nbsp; &nbsp; &nbsp; &nbsp; &nbsp; &nbsp; &nbsp; &nbsp; &nbsp; &nbsp; &nbsp;<o:p><\/o:p><\/p>"
    },
    {
        "Nome": "DECRETO N\u00b0 006\/2023 - PONTO FACULTATIVO",
        "Numero": "006",
        "Exercicio": "2023",
        "Descricao": "<p class=\"MsoNormal\"><b><span style=\"font-size:12.0pt;font-family:&quot;Arial&quot;,sans-serif\">DECRETO N\u00ba 006\/2023, DE\r\n06 DE SETEMBRO DE 2023.<o:p><\/o:p><\/span><\/b><\/p>\r\n\r\n<p class=\"MsoNormal\" align=\"center\" style=\"text-align:center\"><b><span style=\"font-size:13.0pt;font-family:&quot;Arial&quot;,sans-serif\">&nbsp;<\/span><\/b><\/p>\r\n\r\n<p class=\"MsoNormal\" style=\"text-align:justify\"><span style=\"font-size:12.0pt;\r\nfont-family:&quot;Arial&quot;,sans-serif\">&nbsp;<\/span><\/p>\r\n\r\n<p class=\"MsoNormal\" style=\"margin-left:241.0pt;text-align:justify\"><i><span style=\"font-size:11.0pt;font-family:\r\n&quot;Arial&quot;,sans-serif\">&nbsp;\u201cFica Decretado ponto\r\nfacultativo no \u00e2mbito da C\u00e2mara Municipal de Vereadores do munic\u00edpio de A\u00e7ail\u00e2ndia\r\n\u2013 MA e d\u00e1 outras provid\u00eancias<\/span><\/i><i><span style=\"font-family:&quot;Arial&quot;,sans-serif\">\u201d.<\/span><\/i><i><span style=\"font-size:11.0pt;font-family:&quot;Arial&quot;,sans-serif\"><o:p><\/o:p><\/span><\/i><\/p>\r\n\r\n<p class=\"MsoNormal\" style=\"margin-left:205.55pt;text-align:justify;text-indent:\r\n-7.1pt\"><span style=\"font-size:12.0pt;font-family:&quot;Arial&quot;,sans-serif\">&nbsp;<\/span><\/p>\r\n\r\n<p class=\"MsoNormal\" style=\"text-align:justify\"><b><span style=\"font-size:12.0pt;font-family:&quot;Arial&quot;,sans-serif\">&nbsp;<\/span><\/b><\/p>\r\n\r\n<p class=\"MsoNormal\" style=\"text-align:justify;text-indent:42.55pt;line-height:\r\n115%\"><b><span style=\"font-size:12.0pt;\r\nline-height:115%;font-family:&quot;Arial&quot;,sans-serif\">O PRESIDENTE DA C\u00c2MARA\r\nMUNICIPAL DE A\u00c7AIL\u00c2NDIA<\/span><\/b><span style=\"font-size:12.0pt;line-height:\r\n115%;font-family:&quot;Arial&quot;,sans-serif\">, Estado do Maranh\u00e3o, no uso de suas\r\natribui\u00e7\u00f5es legais conferidas pelo Regimento Interno e Lei Org\u00e2nica do\r\nMunic\u00edpio.<o:p><\/o:p><\/span><\/p>\r\n\r\n<p class=\"MsoNormal\" style=\"text-align:justify;text-indent:42.55pt;line-height:\r\n115%\"><span style=\"font-size:12.0pt;line-height:115%;font-family:&quot;Arial&quot;,sans-serif\">&nbsp;<\/span><\/p>\r\n\r\n<p class=\"MsoNormal\" style=\"text-align:justify;text-indent:42.55pt;line-height:\r\n115%\"><b><span style=\"font-size:12.0pt;\r\nline-height:115%;font-family:&quot;Arial&quot;,sans-serif\">CONSIDERANDO<\/span><\/b><span style=\"font-size:12.0pt;line-height:115%;font-family:&quot;Arial&quot;,sans-serif\"> O DECRETO\r\nMUNICIPAL N\u00ba 35, DE 16 DE FEVEREIRO DE 2023.<o:p><\/o:p><\/span><\/p>\r\n\r\n<p class=\"MsoNormal\" align=\"center\" style=\"text-align:center\"><b><span style=\"font-size:12.0pt;font-family:&quot;Arial&quot;,sans-serif\">&nbsp;<\/span><\/b><\/p>\r\n\r\n<p class=\"MsoNormal\" align=\"center\" style=\"text-align:center\"><b><span style=\"font-size:12.0pt;font-family:&quot;Arial&quot;,sans-serif\">D E C R E\r\nT A :<o:p><\/o:p><\/span><\/b><\/p>\r\n\r\n<p class=\"MsoNormal\" style=\"text-align:justify\"><b><span style=\"font-size:12.0pt;font-family:&quot;Arial&quot;,sans-serif\">&nbsp;<\/span><\/b><\/p>\r\n\r\n<p class=\"MsoNormal\" style=\"text-align:justify;text-indent:42.55pt\"><b><span style=\"font-size:12.0pt;font-family:\r\n&quot;Arial&quot;,sans-serif\">Art. 1\u00ba <\/span><\/b><span style=\"font-size:12.0pt;\r\nfont-family:&quot;Arial&quot;,sans-serif\">- Fica decretado ponto facultativo na C\u00e2mara\r\nMunicipal de A\u00e7ail\u00e2ndia:<o:p><\/o:p><\/span><\/p>\r\n\r\n<p class=\"MsoNormal\" style=\"text-align:justify;text-indent:1.0cm\"><span style=\"font-size:12.0pt;font-family:&quot;Arial&quot;,sans-serif\">&nbsp;<\/span><\/p>\r\n\r\n<p class=\"MsoNormal\" style=\"margin-left:49.65pt;text-align:justify;text-indent:\r\n7.05pt\"><span style=\"font-size:12.0pt;font-family:&quot;Arial&quot;,sans-serif\">07 de\r\nsetembro - Quinta-feira, Independ\u00eancia do Brasil, Feriado Nacional;<o:p><\/o:p><\/span><\/p>\r\n\r\n<p class=\"MsoNormal\" style=\"margin-left:49.65pt;text-align:justify;text-indent:\r\n7.05pt\"><span style=\"font-size:12.0pt;font-family:&quot;Arial&quot;,sans-serif\">08 de\r\nsetembro \u2013 Sexta-feira, Ponto Facultativo<o:p><\/o:p><\/span><\/p>\r\n\r\n<p class=\"MsoNormal\" style=\"margin-left:1.0cm;text-align:justify;line-height:\r\n115%\"><b><span style=\"font-size:12.0pt;\r\nline-height:115%;font-family:&quot;Arial&quot;,sans-serif\">&nbsp;<\/span><\/b><\/p>\r\n\r\n<p class=\"MsoNormal\" style=\"margin-left:1.0cm;text-align:justify;line-height:\r\n115%\"><b><span style=\"font-size:12.0pt;\r\nline-height:115%;font-family:&quot;Arial&quot;,sans-serif\">Par\u00e1grafo \u00fanico<\/span><\/b><span style=\"font-size:12.0pt;line-height:115%;font-family:&quot;Arial&quot;,sans-serif\">:\r\nEntretanto, no per\u00edodo acima compreendido, os servidores da <b>Comiss\u00e3o Parlamentar Licitante (CPL),\r\nFinanceiro, Procuradoria e Administrativo<\/b>, ficar\u00e3o trabalhando em Home Office,\r\npodendo ser convocados ao trabalho nesta C\u00e2mara caso seja necess\u00e1rio.<o:p><\/o:p><\/span><\/p>\r\n\r\n<p class=\"MsoNormal\" style=\"text-align:justify;line-height:115%\"><span style=\"font-size:12.0pt;line-height:115%;font-family:&quot;Arial&quot;,sans-serif\">&nbsp;<\/span><\/p>\r\n\r\n<p class=\"MsoNormal\" style=\"text-align:justify;text-indent:42.55pt;line-height:\r\n115%\"><b><span style=\"font-size:12.0pt;\r\nline-height:115%;font-family:&quot;Arial&quot;,sans-serif\">Art. 2\u00ba<\/span><\/b><span style=\"font-size:12.0pt;line-height:115%;font-family:&quot;Arial&quot;,sans-serif\"> - Este\r\nDecreto entrar\u00e1 em vigor na data de sua publica\u00e7\u00e3o, revogando-se todas as\r\ndisposi\u00e7\u00f5es em contr\u00e1rio.<o:p><\/o:p><\/span><\/p>\r\n\r\n<p class=\"MsoNormal\" style=\"text-align:justify;text-indent:1.0cm;line-height:\r\n115%\"><span style=\"font-size:12.0pt;line-height:115%;font-family:&quot;Arial&quot;,sans-serif\">&nbsp;<\/span><\/p>\r\n\r\n<p class=\"MsoNormal\" style=\"text-align:justify;text-indent:1.0cm;line-height:\r\n115%\"><span style=\"font-size:12.0pt;line-height:115%;font-family:&quot;Arial&quot;,sans-serif;\r\nmso-bidi-font-weight:bold\">&nbsp;<\/span><\/p>\r\n\r\n<p class=\"MsoNormal\" style=\"text-align:justify;text-indent:42.55pt;line-height:\r\n115%\"><b><span style=\"font-size:12.0pt;line-height:115%;font-family:&quot;Arial&quot;,sans-serif\">D\u00ea-se\r\nci\u00eancia, publique-se e cumpra-se.<o:p><\/o:p><\/span><\/b><\/p>\r\n\r\n<p class=\"MsoNormal\" style=\"text-align:justify;text-indent:42.55pt;line-height:\r\n115%\"><span style=\"font-size:12.0pt;line-height:115%;font-family:&quot;Arial&quot;,sans-serif;\r\nmso-bidi-font-weight:bold\">&nbsp;<\/span><\/p>\r\n\r\n<p class=\"MsoNormal\" style=\"text-align:justify;text-indent:42.55pt;line-height:\r\n115%\"><span style=\"font-size:12.0pt;line-height:115%;font-family:&quot;Arial&quot;,sans-serif;\r\nmso-bidi-font-weight:bold\">&nbsp;<\/span><\/p>\r\n\r\n<p class=\"MsoNormal\" style=\"text-align:justify;text-indent:42.55pt;line-height:\r\n115%\"><span style=\"font-size:12.0pt;line-height:115%;font-family:&quot;Arial&quot;,sans-serif;\r\nmso-bidi-font-weight:bold\">Gabinete da Presid\u00eancia da C\u00e2mara Municipal de\r\nA\u00e7ail\u00e2ndia, Estado do Maranh\u00e3o, aos 06 (seis) dias do m\u00eas de setembro do ano de\r\n2023<\/span> <span style=\"font-size:12.0pt;line-height:115%;font-family:&quot;Arial&quot;,sans-serif;\r\nmso-bidi-font-weight:bold\">(dois mil e vinte tr\u00eas).<o:p><\/o:p><\/span><\/p>\r\n\r\n<p class=\"MsoNormal\"><span style=\"font-size:12.0pt;font-family:&quot;Arial&quot;,sans-serif\">&nbsp;<\/span><\/p>\r\n\r\n<p class=\"MsoNormal\" align=\"center\" style=\"text-align:center\"><span style=\"font-size:12.0pt;font-family:&quot;Arial&quot;,sans-serif\">&nbsp;<\/span><\/p>\r\n\r\n<p class=\"MsoNormal\" align=\"center\" style=\"text-align:center\"><b><span style=\"font-size:12.0pt;font-family:&quot;Arial&quot;,sans-serif\">FELIBERG\r\nMELO SOUSA<o:p><\/o:p><\/span><\/b><\/p>\r\n\r\n<p class=\"MsoNormal\" align=\"center\" style=\"text-align:center\"><b><span style=\"font-size:12.0pt;font-family:&quot;Arial&quot;,sans-serif\">Presidente\r\nda C\u00e2mara<o:p><\/o:p><\/span><\/b><\/p>\r\n\r\n<p style=\"margin-top:0cm;margin-right:2.85pt;margin-bottom:0cm;margin-left:\r\n0cm;margin-bottom:.0001pt\"><b><span style=\"font-family:&quot;Arial&quot;,sans-serif\">&nbsp;<\/span><\/b><\/p>"
    },
    {
        "Nome": "DECRETO N\u00ba 005\/2023 - RECESSO",
        "Numero": "005",
        "Exercicio": "2023",
        "Descricao": "<br>"
    },
    {
        "Nome": "DECRETO N\u00ba 004\/2023 - PONTO FACULTATIVO",
        "Numero": "004",
        "Exercicio": "2023",
        "Descricao": "<br>"
    },
    {
        "Nome": "DECRETO N\u00b0 02\/2023 - PONTO FACULTATIVO",
        "Numero": "02",
        "Exercicio": "2023",
        "Descricao": "<br>"
    },
    {
        "Nome": "DECRETO N\u00b0 01\/2023 - FERIADO DE CARNAVAL",
        "Numero": "01",
        "Exercicio": "2023",
        "Descricao": "<br>"
    },
    {
        "Nome": "DECRETO N\u00ba 011\/2022",
        "Numero": "011",
        "Exercicio": "2022",
        "Descricao": "<p class=\"MsoNormal\"><b><span style=\"font-size:12.0pt;font-family:&quot;Arial&quot;,sans-serif\">DECRETO N\u00ba 011\/2022, DE\r\n08 DE DEZEMBRO DE 2022.<o:p><\/o:p><\/span><\/b><\/p>\r\n\r\n<p class=\"MsoNormal\" align=\"center\" style=\"text-align:center\"><b><span style=\"font-size:13.0pt;font-family:&quot;Arial&quot;,sans-serif\">&nbsp;<\/span><\/b><\/p>\r\n\r\n<p class=\"MsoNormal\" style=\"margin-left:276.45pt;text-align:justify;text-indent:\r\n-7.1pt\"><b><span style=\"font-size:11.0pt;\r\nfont-family:&quot;Arial&quot;,sans-serif\">&nbsp;<\/span><\/b><\/p>\r\n\r\n<p class=\"MsoNormal\" style=\"margin-left:276.45pt;text-align:justify;text-indent:\r\n-7.1pt\"><b><span style=\"font-size:11.0pt;\r\nfont-family:&quot;Arial&quot;,sans-serif\">\u201cFica Decretado ponto facultativo no \u00e2mbito\r\nda&nbsp;&nbsp;&nbsp; C\u00e2mara de Vereadores do munic\u00edpio\r\nde A\u00e7ail\u00e2ndia \u2013 MA e d\u00e1 outras provid\u00eancias<\/span><\/b><b><span style=\"font-family:&quot;Arial&quot;,sans-serif\">\u201d.<\/span><\/b><span style=\"font-family:&quot;Arial&quot;,sans-serif\"><o:p><\/o:p><\/span><\/p>\r\n\r\n<p class=\"MsoNormal\" style=\"text-align:justify\"><span style=\"font-size:12.0pt;\r\nfont-family:&quot;Arial&quot;,sans-serif\">&nbsp;<\/span><\/p>\r\n\r\n<p class=\"MsoNormal\" style=\"text-align:justify\"><b><span style=\"font-size:12.0pt;font-family:&quot;Arial&quot;,sans-serif\">&nbsp;<\/span><\/b><\/p>\r\n\r\n<p class=\"MsoNormal\" style=\"text-align:justify;text-indent:35.45pt\"><b><span style=\"font-size:12.0pt;font-family:\r\n&quot;Arial&quot;,sans-serif\">O PRESIDENTE DA C\u00c2MARA MUNICIPAL DE A\u00c7AIL\u00c2NDIA<\/span><\/b><span style=\"font-size:12.0pt;font-family:&quot;Arial&quot;,sans-serif\">, Estado do Maranh\u00e3o,\r\nno uso de suas atribui\u00e7\u00f5es legais conferidas pelo Regimento Interno e Lei\r\nOrg\u00e2nica do Munic\u00edpio e.<o:p><\/o:p><\/span><\/p>\r\n\r\n<p class=\"MsoNormal\" style=\"text-align:justify;text-indent:1.0cm\"><b><span style=\"font-size:12.0pt;font-family:\r\n&quot;Arial&quot;,sans-serif\">&nbsp;<\/span><\/b><\/p>\r\n\r\n<p class=\"MsoNormal\" style=\"text-align:justify;text-indent:1.0cm\"><b><span style=\"font-size:12.0pt;font-family:\r\n&quot;Arial&quot;,sans-serif\">&nbsp;<\/span><\/b><\/p>\r\n\r\n<p class=\"MsoNormal\" style=\"text-align:justify;text-indent:1.0cm\"><b><span style=\"font-size:12.0pt;font-family:\r\n&quot;Arial&quot;,sans-serif\">CONSIDERANDO O DECRETO MUNICIPAL N\u00ba 220, <\/span><\/b><span style=\"font-size:12.0pt;font-family:&quot;Arial&quot;,sans-serif\">de 07 de dezembro de\r\n2022, que disp\u00f5e sobre o hor\u00e1rio de expediente em virtude dos jogos da Sele\u00e7\u00e3o\r\nBrasileira de Futebol na Copa do Mundo FIFA de 2022.<o:p><\/o:p><\/span><\/p>\r\n\r\n<p class=\"MsoNormal\" style=\"text-align:justify;text-indent:1.0cm\"><b><span style=\"font-size:12.0pt;font-family:\r\n&quot;Arial&quot;,sans-serif\">&nbsp;<\/span><\/b><\/p>\r\n\r\n<p class=\"MsoNormal\" style=\"text-align:justify;text-indent:35.45pt\"><span style=\"font-size:12.0pt;font-family:&quot;Arial&quot;,sans-serif\">&nbsp;<\/span><\/p>\r\n\r\n<p class=\"MsoNormal\" align=\"center\" style=\"text-align:center\"><b><i><u><span style=\"font-size:12.0pt;\r\nfont-family:&quot;Arial&quot;,sans-serif\">D E C R E T A:<o:p><\/o:p><\/span><\/u><\/i><\/b><\/p>\r\n\r\n<p class=\"MsoNormal\" style=\"text-align:justify;text-indent:1.0cm\"><b><span style=\"font-size:12.0pt;font-family:\r\n&quot;Arial&quot;,sans-serif\">&nbsp;<\/span><\/b><\/p>\r\n\r\n<p class=\"MsoNormal\" style=\"text-align:justify;text-indent:1.0cm\"><b><span style=\"font-size:12.0pt;font-family:\r\n&quot;Arial&quot;,sans-serif\">&nbsp;<\/span><\/b><\/p>\r\n\r\n<p class=\"MsoNormal\" style=\"text-align:justify;text-indent:1.0cm\"><b><span style=\"font-size:12.0pt;font-family:\r\n&quot;Arial&quot;,sans-serif\">Art. 1\u00ba <\/span><\/b><span style=\"font-size:12.0pt;\r\nfont-family:&quot;Arial&quot;,sans-serif\">- Em raz\u00e3o da tradi\u00e7\u00e3o e das festividades\r\ninerentes a participa\u00e7\u00e3o da Sele\u00e7\u00e3o Brasileira de Futebol na Copa do Mundo FIFA\r\n2022, fica decretado no \u00e2mbito da C\u00e2mara Municipal de A\u00e7ail\u00e2ndia, ponto\r\nfacultativo o expediente do dia 09 de dezembro (sexta-feira) referente ao ano\r\nde 2022.<o:p><\/o:p><\/span><\/p>\r\n\r\n<p class=\"MsoNormal\" style=\"text-align:justify;text-indent:1.0cm\"><span style=\"font-size:12.0pt;font-family:&quot;Arial&quot;,sans-serif\">&nbsp;<\/span><\/p>\r\n\r\n<p class=\"MsoNormal\" style=\"text-align:justify;text-indent:1.0cm;tab-stops:151.5pt\"><b><span style=\"font-size:12.0pt;font-family:\r\n&quot;Arial&quot;,sans-serif\">Art. 2\u00ba<\/span><\/b><span style=\"font-size:12.0pt;font-family:\r\n&quot;Arial&quot;,sans-serif\"> - - Este Decreto entrar\u00e1 em vigor na data de sua\r\npublica\u00e7\u00e3o de 2022, revogando-se todas as disposi\u00e7\u00f5es em contr\u00e1rio.<o:p><\/o:p><\/span><\/p>\r\n\r\n<p class=\"MsoNormal\"><span style=\"font-size:12.0pt;font-family:&quot;Arial&quot;,sans-serif\">&nbsp;<\/span><\/p>\r\n\r\n<p class=\"MsoNormal\"><b><span style=\"font-size:12.0pt;font-family:&quot;Arial&quot;,sans-serif\">&nbsp;<\/span><\/b><\/p>\r\n\r\n<p class=\"MsoNormal\"><b><span style=\"font-size:12.0pt;font-family:&quot;Arial&quot;,sans-serif\">&nbsp;<\/span><\/b><b><span style=\"font-size:12.0pt;font-family:&quot;Arial&quot;,sans-serif\">D\u00ea\r\nCi\u00eancia, Cumpra-se e Publique-se.<o:p><\/o:p><\/span><\/b><\/p>\r\n\r\n<p class=\"MsoNormal\" style=\"text-align:justify\"><b><span style=\"font-size:12.0pt;font-family:&quot;Arial&quot;,sans-serif\">&nbsp;<\/span><\/b><\/p>\r\n\r\n<p class=\"MsoNormal\" style=\"text-align:justify\"><b><span style=\"font-size:12.0pt;\r\nfont-family:&quot;Arial&quot;,sans-serif\">&nbsp;<\/span><\/b><\/p>\r\n\r\n<p class=\"MsoNormal\" style=\"text-align:justify\"><b><span style=\"font-size:12.0pt;\r\nfont-family:&quot;Arial&quot;,sans-serif\">&nbsp;<\/span><\/b><\/p>\r\n\r\n<p class=\"MsoNormal\" style=\"text-align:justify\"><b><span style=\"font-size:12.0pt;\r\nfont-family:&quot;Arial&quot;,sans-serif\">&nbsp;&nbsp;&nbsp;&nbsp;&nbsp;&nbsp;&nbsp;&nbsp;&nbsp;&nbsp;&nbsp; Gabinete\r\nda Presid\u00eancia da C\u00e2mara Municipal de A\u00e7ail\u00e2ndia, Estado do Maranh\u00e3o, 08 de dezembro\r\nde 2022.<o:p><\/o:p><\/span><\/b><\/p>\r\n\r\n<p class=\"MsoNormal\" style=\"text-align:justify\"><b><span style=\"font-size:12.0pt;\r\nfont-family:&quot;Arial&quot;,sans-serif\">&nbsp;<\/span><\/b><\/p>\r\n\r\n<p class=\"MsoNormal\" style=\"text-align:justify\"><span style=\"font-size:12.0pt;\r\nfont-family:&quot;Arial&quot;,sans-serif\">&nbsp;<\/span><\/p>\r\n\r\n<p class=\"MsoNormal\" align=\"center\" style=\"text-align:center\"><span style=\"font-size:12.0pt;font-family:&quot;Arial&quot;,sans-serif\">&nbsp;<\/span><\/p>\r\n\r\n<p class=\"MsoNormal\" align=\"center\" style=\"text-align:center\"><b><span style=\"font-size:12.0pt;font-family:&quot;Arial&quot;,sans-serif\">FELIBERG\r\nMELO SOUSA<o:p><\/o:p><\/span><\/b><\/p>\r\n\r\n<p class=\"MsoNormal\" align=\"center\" style=\"text-align:center\"><b><span style=\"font-size:12.0pt;font-family:&quot;Arial&quot;,sans-serif\">Presidente\r\nda C\u00e2mara <o:p><\/o:p><\/span><\/b><\/p>\r\n\r\n<p style=\"margin-top:0cm;margin-right:2.85pt;margin-bottom:0cm;margin-left:\r\n2.85pt;margin-bottom:.0001pt\"><span style=\"font-family:&quot;Arial&quot;,sans-serif\">&nbsp;<\/span><\/p>"
    },
    {
        "Nome": "DECRETO N\u00ba 012\/2022 - RECESSO",
        "Numero": "012",
        "Exercicio": "2022",
        "Descricao": "<br>"
    },
    {
        "Nome": "DECRETO N\u00ba 010\/2022",
        "Numero": "010",
        "Exercicio": "2022",
        "Descricao": "<br>"
    },
    {
        "Nome": "DECRETO N\u00ba 009\/2022",
        "Numero": "009",
        "Exercicio": "2022",
        "Descricao": "<br>"
    },
    {
        "Nome": "DECRETO N\u00ba 008\/2022 - PONTO FACULTATIVO",
        "Numero": "008",
        "Exercicio": "2022",
        "Descricao": "<br>"
    },
    {
        "Nome": "DECRETO N\u00ba 007\/2022 - LUTO",
        "Numero": "007",
        "Exercicio": "2022",
        "Descricao": "<br>"
    },
    {
        "Nome": "DECRETO N\u00ba 006\/2022 - RECESSO",
        "Numero": "006",
        "Exercicio": "2022",
        "Descricao": "<p class=\"MsoNormal\" style=\"text-align:justify\"><b><span style=\"font-size:12.0pt;\r\nline-height:107%;font-family:&quot;Arial&quot;,sans-serif\">DECRETO N\u00ba 006\/2022, de 15 de julho\r\nde 2022<o:p><\/o:p><\/span><\/b><\/p>\r\n\r\n<p class=\"MsoNormal\" style=\"text-align:justify\"><span style=\"font-size:12.0pt;\r\nline-height:107%;font-family:&quot;Arial&quot;,sans-serif\">&nbsp;<\/span><\/p>\r\n\r\n<p class=\"MsoNormal\" style=\"text-align:justify\"><span style=\"font-size:12.0pt;\r\nline-height:107%;font-family:&quot;Arial&quot;,sans-serif\">O Presidente da C\u00e2mara\r\nMunicipal de A\u00e7ail\u00e2ndia MA, no uso de suas atribui\u00e7\u00f5es legais.<o:p><\/o:p><\/span><\/p>\r\n\r\n<p class=\"MsoNormal\" style=\"text-align:justify\"><span style=\"font-size:12.0pt;\r\nline-height:107%;font-family:&quot;Arial&quot;,sans-serif\">&nbsp;<\/span><\/p>\r\n\r\n<p class=\"MsoNormal\" align=\"center\" style=\"text-align:center\"><b><u><span style=\"font-size:12.0pt;line-height:107%;font-family:&quot;Arial&quot;,sans-serif\">RESOLVE<o:p><\/o:p><\/span><\/u><\/b><\/p>\r\n\r\n<p align=\"center\" style=\"margin: 0cm 0cm 15pt; text-align: center; background-image: initial; background-position: initial; background-size: initial; background-repeat: initial; background-attachment: initial; background-origin: initial; background-clip: initial;\"><strong><span style=\"font-family:&quot;Arial&quot;,sans-serif;color:#252525\">&nbsp; <o:p><\/o:p><\/span><\/strong><\/p>\r\n\r\n<p style=\"margin: 0cm 0cm 15pt; text-align: justify; background-image: initial; background-position: initial; background-size: initial; background-repeat: initial; background-attachment: initial; background-origin: initial; background-clip: initial;\"><strong><span style=\"font-family:&quot;Arial&quot;,sans-serif;\r\ncolor:#252525\">Art. 1\u00ba&nbsp;<\/span><\/strong><span style=\"font-family:&quot;Arial&quot;,sans-serif;\r\ncolor:#252525\">Fica decretado o recesso parlamentar bem como para os servidores\r\np\u00fablicos da C\u00e2mara Municipal de A\u00e7ail\u00e2ndia-MA, durante o per\u00edodo de 18 a 29 de\r\njulho do ano de 2022, retornando seus trabalhos normais no dia 01\/08\/2022.<o:p><\/o:p><\/span><\/p>\r\n\r\n<p style=\"margin: 0cm 0cm 15pt; text-align: justify; background-image: initial; background-position: initial; background-size: initial; background-repeat: initial; background-attachment: initial; background-origin: initial; background-clip: initial;\"><strong><span style=\"font-family:&quot;Arial&quot;,sans-serif;\r\ncolor:#252525\">Par\u00e1grafo \u00danico.&nbsp;<\/span><\/strong><span style=\"font-family:\r\n&quot;Arial&quot;,sans-serif;color:#252525\">Entretanto, no per\u00edodo acima compreendido, os\r\nservidores da Comiss\u00e3o Parlamentar Licitante (CPL), FINANCEIRO, PROCURADORIA E\r\nADMINISTRATIVO, ficar\u00e3o trabalhando em Home office, podendo ser convocados ao\r\ntrabalho nesta C\u00e2mara caso seja necess\u00e1rio.<o:p><\/o:p><\/span><\/p>\r\n\r\n<p style=\"margin: 0cm 0cm 15pt; text-align: justify; background-image: initial; background-position: initial; background-size: initial; background-repeat: initial; background-attachment: initial; background-origin: initial; background-clip: initial;\"><span style=\"font-family:&quot;Arial&quot;,sans-serif;\r\ncolor:#252525\">&nbsp;<\/span><\/p>\r\n\r\n<p class=\"MsoNormal\" style=\"text-align:justify\"><span style=\"font-size:12.0pt;\r\nline-height:107%;font-family:&quot;Arial&quot;,sans-serif\">Art. 2\u00ba - Este decreto entra\r\nem vigor na data de sua publica\u00e7\u00e3o de 2022, revogadas as disposi\u00e7\u00f5es em\r\ncontr\u00e1rio.<o:p><\/o:p><\/span><\/p>\r\n\r\n<p class=\"MsoNormal\" style=\"text-align:justify\"><span style=\"font-size:12.0pt;\r\nline-height:107%;font-family:&quot;Arial&quot;,sans-serif\">&nbsp;<\/span><\/p>\r\n\r\n<p class=\"MsoNormal\" align=\"center\" style=\"text-align:center\"><span style=\"font-size:12.0pt;line-height:107%;font-family:&quot;Arial&quot;,sans-serif\">&nbsp;<\/span><\/p>\r\n\r\n<p class=\"MsoNormal\" align=\"center\" style=\"text-align:center\"><span style=\"font-size:12.0pt;line-height:107%;font-family:&quot;Arial&quot;,sans-serif\">A\u00e7ail\u00e2ndia\r\nMA, 15 de julho de 2022.<o:p><\/o:p><\/span><\/p>\r\n\r\n<p class=\"MsoNormal\" align=\"center\" style=\"text-align:center\"><b><u><span style=\"font-size:12.0pt;line-height:107%;font-family:&quot;Engravers MT&quot;,serif;\r\nmso-bidi-font-family:Arial\">&nbsp;<\/span><\/u><\/b><\/p>\r\n\r\n<p class=\"MsoNormal\" align=\"center\" style=\"text-align:center\"><b><span style=\"font-size:12.0pt;line-height:107%;font-family:&quot;Engravers MT&quot;,serif;\r\nmso-bidi-font-family:Arial\">Feliberg melo sousa<br>\r\n<\/span><\/b><b><span style=\"font-size:12.0pt;line-height:107%;font-family:&quot;Arial&quot;,sans-serif\">PRESIDENTE\r\nDA C\u00c2MARA<o:p><\/o:p><\/span><\/b><\/p>\r\n\r\n<p class=\"MsoNormal\" style=\"margin-bottom:0cm;line-height:normal\"><b><span style=\"font-size:12.0pt;font-family:&quot;Arial&quot;,sans-serif\">D\u00ea Ci\u00eancia,<o:p><\/o:p><\/span><\/b><\/p>\r\n\r\n<p class=\"MsoNormal\" style=\"margin-bottom:0cm;line-height:normal\"><b><span style=\"font-size:12.0pt;font-family:&quot;Arial&quot;,sans-serif\">Cumpra-se,<o:p><\/o:p><\/span><\/b><\/p>\r\n\r\n<p class=\"MsoNormal\" style=\"margin-bottom:0cm;line-height:normal\"><b><span style=\"font-size:12.0pt;font-family:&quot;Arial&quot;,sans-serif\">Publique-se.<o:p><\/o:p><\/span><\/b><\/p>"
    },
    {
        "Nome": "DECRETO N\u00ba 005\/2022 - PONTO FACULTATIVO",
        "Numero": "005",
        "Exercicio": "2022",
        "Descricao": "<br>"
    },
    {
        "Nome": "DECRETO N\u00ba 004\/2022 - PONTO FACULTATIVO",
        "Numero": "004",
        "Exercicio": "2022",
        "Descricao": "<p class=\"MsoNormal\"><b><span style=\"font-size:12.0pt;font-family:&quot;Arial&quot;,sans-serif\">DECRETO N\u00ba 004\/2022, DE\r\n13 DE ABRIL DE 2022.<o:p><\/o:p><\/span><\/b><\/p>\r\n\r\n<p class=\"MsoNormal\" align=\"center\" style=\"text-align:center\"><b><span style=\"font-size:13.0pt;font-family:&quot;Arial&quot;,sans-serif\">&nbsp;<\/span><\/b><\/p>\r\n\r\n<p class=\"MsoNormal\" style=\"text-align:justify\"><span style=\"font-size:12.0pt;\r\nfont-family:&quot;Arial&quot;,sans-serif\">&nbsp;<\/span><\/p>\r\n\r\n<p class=\"MsoNormal\" style=\"margin-left:276.45pt;text-align:justify;text-indent:\r\n-7.1pt\"><b><span style=\"font-size:11.0pt;\r\nfont-family:&quot;Arial&quot;,sans-serif\">&nbsp; \u201cFica\r\nDecretado ponto facultativo no \u00e2mbito da&nbsp;&nbsp;&nbsp;\r\nC\u00e2mara de Vereadores do munic\u00edpio de A\u00e7ail\u00e2ndia \u2013 MA e d\u00e1 outras\r\nprovid\u00eancias<\/span><\/b><b><span style=\"font-family:&quot;Arial&quot;,sans-serif\">\u201d.<\/span><\/b><span style=\"font-family:\r\n&quot;Arial&quot;,sans-serif\"><o:p><\/o:p><\/span><\/p>\r\n\r\n<p class=\"MsoNormal\" style=\"margin-left:205.55pt;text-align:justify;text-indent:\r\n-7.1pt\"><span style=\"font-size:12.0pt;font-family:&quot;Arial&quot;,sans-serif\">&nbsp;<\/span><\/p>\r\n\r\n<p class=\"MsoNormal\" style=\"text-align:justify\"><b><span style=\"font-size:12.0pt;font-family:&quot;Arial&quot;,sans-serif\">&nbsp;<\/span><\/b><\/p>\r\n\r\n<p class=\"MsoNormal\" style=\"text-align:justify;text-indent:35.45pt\"><b><span style=\"font-size:12.0pt;font-family:\r\n&quot;Arial&quot;,sans-serif\">O PRESIDENTE DA C\u00c2MARA MUNICIPAL DE A\u00c7AIL\u00c2NDIA<\/span><\/b><span style=\"font-size:12.0pt;font-family:&quot;Arial&quot;,sans-serif\">, Estado do Maranh\u00e3o,\r\nno uso de suas atribui\u00e7\u00f5es legais conferidas pelo Regimento Interno e Lei\r\nOrg\u00e2nica do Munic\u00edpio e.<o:p><\/o:p><\/span><\/p>\r\n\r\n<p class=\"MsoNormal\" style=\"text-align:justify\"><span style=\"font-size:12.0pt;\r\nfont-family:&quot;Arial&quot;,sans-serif\">&nbsp;<\/span><\/p>\r\n\r\n<p class=\"MsoNormal\" style=\"text-align:justify\"><b><span style=\"font-size:12.0pt;font-family:&quot;Arial&quot;,sans-serif\">&nbsp;<\/span><\/b><\/p>\r\n\r\n<p class=\"MsoNormal\" style=\"text-align:justify;text-indent:35.45pt\"><b><span style=\"font-size:12.0pt;font-family:\r\n&quot;Arial&quot;,sans-serif\">CONSIDERANDO DECRETO MUNICIPAL N\u00ba 077\/2022<\/span><\/b><span style=\"font-size:12.0pt;font-family:&quot;Arial&quot;,sans-serif\">, que estabelece como como\r\nponto facultativo os dias reservados:<o:p><\/o:p><\/span><\/p>\r\n\r\n<p class=\"MsoNormal\" style=\"text-align:justify;text-indent:35.45pt\"><span style=\"font-size:12.0pt;font-family:&quot;Arial&quot;,sans-serif\">&nbsp;<\/span><\/p>\r\n\r\n<p class=\"MsoNormal\" style=\"text-align:justify\"><span style=\"font-size:12.0pt;\r\nfont-family:&quot;Arial&quot;,sans-serif\">&nbsp;<\/span><\/p>\r\n\r\n<p class=\"MsoListParagraph\" style=\"margin-left:36.0pt;text-align:justify;\r\ntext-indent:-18.0pt;mso-list:l0 level1 lfo1\"><!--[if !supportLists]--><span style=\"font-size:12.0pt;font-family:Wingdings;mso-fareast-font-family:Wingdings;\r\nmso-bidi-font-family:Wingdings\">\u00d8<span style=\"font-variant-numeric: normal; font-variant-east-asian: normal; font-stretch: normal; font-size: 7pt; line-height: normal; font-family: &quot;Times New Roman&quot;;\">&nbsp; <\/span><\/span><!--[endif]--><span style=\"font-size:12.0pt;font-family:&quot;Arial&quot;,sans-serif\">14\/04\/2022 \u2013 QUINTA-FEIRA\r\n(V\u00e9spera do feriado)<o:p><\/o:p><\/span><\/p>\r\n\r\n<p class=\"MsoListParagraph\" style=\"margin-left:36.0pt;text-align:justify\"><span style=\"font-size:12.0pt;font-family:&quot;Arial&quot;,sans-serif\">&nbsp;<\/span><\/p>\r\n\r\n<p class=\"MsoListParagraph\" style=\"margin-left:36.0pt;text-align:justify;\r\ntext-indent:-18.0pt;mso-list:l0 level1 lfo1\"><!--[if !supportLists]--><span style=\"font-size:12.0pt;font-family:Wingdings;mso-fareast-font-family:Wingdings;\r\nmso-bidi-font-family:Wingdings\">\u00d8<span style=\"font-variant-numeric: normal; font-variant-east-asian: normal; font-stretch: normal; font-size: 7pt; line-height: normal; font-family: &quot;Times New Roman&quot;;\">&nbsp; <\/span><\/span><!--[endif]--><span style=\"font-size:12.0pt;font-family:&quot;Arial&quot;,sans-serif\">15\/04\/2022 \u2013 SEXTA-FEIRA\r\n(Feriado Municipal da Sexta-feira da paix\u00e3o) <o:p><\/o:p><\/span><\/p>\r\n\r\n<p class=\"MsoListParagraph\" style=\"margin-left:36.0pt;text-align:justify\"><span style=\"font-size:12.0pt;font-family:&quot;Arial&quot;,sans-serif\">Lei Municipal n\u00ba 01\/1985.<o:p><\/o:p><\/span><\/p>\r\n\r\n<p class=\"MsoListParagraph\" style=\"margin-left:36.0pt;text-align:justify\"><span style=\"font-size:12.0pt;font-family:&quot;Arial&quot;,sans-serif\">&nbsp;<\/span><\/p>\r\n\r\n<p class=\"MsoListParagraph\" style=\"margin-left:36.0pt;text-align:justify;\r\ntext-indent:-18.0pt;mso-list:l0 level1 lfo1\"><!--[if !supportLists]--><span style=\"font-size:12.0pt;font-family:Wingdings;mso-fareast-font-family:Wingdings;\r\nmso-bidi-font-family:Wingdings\">\u00d8<span style=\"font-variant-numeric: normal; font-variant-east-asian: normal; font-stretch: normal; font-size: 7pt; line-height: normal; font-family: &quot;Times New Roman&quot;;\">&nbsp; <\/span><\/span><!--[endif]--><span style=\"font-size:12.0pt;font-family:&quot;Arial&quot;,sans-serif\">21\/04\/2022 \u2013 QUINTA-\r\nFEIRA (Feriado Nacional de Tiradentes)<o:p><\/o:p><\/span><\/p>\r\n\r\n<p class=\"MsoListParagraph\" style=\"margin-left:36.0pt;text-align:justify\"><span style=\"font-size:12.0pt;font-family:&quot;Arial&quot;,sans-serif\">&nbsp;<\/span><\/p>\r\n\r\n<p class=\"MsoListParagraph\" style=\"margin-left:36.0pt;text-align:justify;\r\ntext-indent:-18.0pt;mso-list:l0 level1 lfo1\"><!--[if !supportLists]--><span style=\"font-size:12.0pt;font-family:Wingdings;mso-fareast-font-family:Wingdings;\r\nmso-bidi-font-family:Wingdings\">\u00d8<span style=\"font-variant-numeric: normal; font-variant-east-asian: normal; font-stretch: normal; font-size: 7pt; line-height: normal; font-family: &quot;Times New Roman&quot;;\">&nbsp; <\/span><\/span><!--[endif]--><span style=\"font-size:12.0pt;font-family:&quot;Arial&quot;,sans-serif\">22\/04\/2022 \u2013 SEXTA-FEIRA\r\n(Dia posterior ao Feriado Nacional de Tiradentes)<o:p><\/o:p><\/span><\/p>\r\n\r\n<p class=\"MsoNormal\" style=\"text-align:justify\"><span style=\"font-size:12.0pt;\r\nfont-family:&quot;Arial&quot;,sans-serif\">&nbsp;<\/span><\/p>\r\n\r\n<p class=\"MsoNormal\" style=\"text-align:justify;tab-stops:151.5pt\"><b><span style=\"font-size:12.0pt;font-family:&quot;Arial&quot;,sans-serif\">&nbsp;&nbsp;&nbsp;&nbsp;&nbsp; Art. 1\u00ba<\/span><\/b><span style=\"font-size:\r\n12.0pt;font-family:&quot;Arial&quot;,sans-serif\"> - Este Decreto entrar\u00e1 em vigor na data\r\nde sua publica\u00e7\u00e3o de 2022, revogando-se todas as disposi\u00e7\u00f5es em contr\u00e1rio.<o:p><\/o:p><\/span><\/p>\r\n\r\n<p class=\"MsoNormal\" style=\"text-indent:1.0cm\"><span style=\"font-size:12.0pt;\r\nfont-family:&quot;Arial&quot;,sans-serif\">&nbsp;<\/span><\/p>\r\n\r\n<p class=\"MsoNormal\" style=\"text-align:justify\"><span style=\"font-size:12.0pt;\r\nfont-family:&quot;Arial&quot;,sans-serif\">&nbsp;<o:p><\/o:p><\/span><\/p>\r\n\r\n<p class=\"MsoNormal\" style=\"text-align:justify\"><b><span style=\"font-size:12.0pt;\r\nfont-family:&quot;Arial&quot;,sans-serif\">Gabinete da Presid\u00eancia da C\u00e2mara Municipal de\r\nA\u00e7ail\u00e2ndia, Estado do Maranh\u00e3o, 14 de abril de 2022.<o:p><\/o:p><\/span><\/b><\/p>\r\n\r\n<p class=\"MsoNormal\" style=\"text-align:justify\"><b><span style=\"font-size:12.0pt;\r\nfont-family:&quot;Arial&quot;,sans-serif\">&nbsp;<\/span><\/b><\/p>\r\n\r\n<p class=\"MsoNormal\" style=\"text-align:justify\"><span style=\"font-size:12.0pt;\r\nfont-family:&quot;Arial&quot;,sans-serif\">&nbsp;<\/span><\/p>\r\n\r\n<p class=\"MsoNormal\"><b><span style=\"font-size:12.0pt;font-family:&quot;Arial&quot;,sans-serif\">D\u00ea\r\nCi\u00eancia, Cumpra-se, Publique-se.<o:p><\/o:p><\/span><\/b><\/p>\r\n\r\n<p class=\"MsoNormal\" style=\"text-align:justify\"><span style=\"font-size:12.0pt;\r\nfont-family:&quot;Arial&quot;,sans-serif\">&nbsp;<\/span><\/p>\r\n\r\n<p class=\"MsoNormal\" align=\"center\" style=\"text-align:center\"><span style=\"font-size:12.0pt;font-family:&quot;Arial&quot;,sans-serif\">&nbsp;<\/span><\/p>\r\n\r\n<p class=\"MsoNormal\" align=\"center\" style=\"text-align:center\"><span style=\"font-size:12.0pt;font-family:&quot;Arial&quot;,sans-serif\">&nbsp;<\/span><\/p>\r\n\r\n<p class=\"MsoNormal\" align=\"center\" style=\"text-align:center\"><b><span style=\"font-size:12.0pt;font-family:&quot;Arial&quot;,sans-serif\">FELIBERG\r\nMELO SOUSA<o:p><\/o:p><\/span><\/b><\/p>\r\n\r\n<p class=\"MsoNormal\" align=\"center\" style=\"text-align:center\"><b><span style=\"font-size:12.0pt;font-family:&quot;Arial&quot;,sans-serif\">Presidente\r\nDa C\u00e2mara -<o:p><\/o:p><\/span><\/b><\/p>\r\n\r\n<p style=\"margin-top:0cm;margin-right:2.85pt;margin-bottom:0cm;margin-left:\r\n2.85pt\"><span style=\"font-family:&quot;Arial&quot;,sans-serif\">&nbsp;<\/span><\/p>"
    },
    {
        "Nome": "DECRETO N\u00ba 003\/2022 - PONTO FACULTATIVO",
        "Numero": "003",
        "Exercicio": "2022",
        "Descricao": "<p class=\"MsoNormal\"><b><span style=\"font-size:12.0pt;font-family:&quot;Arial&quot;,sans-serif\">DECRETO N\u00ba 003\/2022 DE 25\r\nDE FEVEREIRO DE 2022.<o:p><\/o:p><\/span><\/b><\/p>\r\n\r\n<p class=\"MsoNormal\" align=\"center\" style=\"text-align:center\"><b><span style=\"font-size:13.0pt;font-family:&quot;Arial&quot;,sans-serif\">&nbsp;<\/span><\/b><\/p>\r\n\r\n<p class=\"MsoNormal\" style=\"text-align:justify\"><span style=\"font-size:12.0pt;\r\nfont-family:&quot;Arial&quot;,sans-serif\">&nbsp;<\/span><\/p>\r\n\r\n<p class=\"MsoNormal\" style=\"margin-left:276.45pt;text-align:justify;text-indent:\r\n-7.1pt\"><b><span style=\"font-size:11.0pt;\r\nfont-family:&quot;Arial&quot;,sans-serif\">&nbsp; \u201cFica\r\nDecretado ponto facultativo no \u00e2mbito da&nbsp;&nbsp;&nbsp;\r\nC\u00e2mara de Vereadores do munic\u00edpio de A\u00e7ail\u00e2ndia \u2013 MA e d\u00e1 outras\r\nprovid\u00eancias<\/span><\/b><b><span style=\"font-family:&quot;Arial&quot;,sans-serif\">\u201d.<\/span><\/b><span style=\"font-family:\r\n&quot;Arial&quot;,sans-serif\"><o:p><\/o:p><\/span><\/p>\r\n\r\n<p class=\"MsoNormal\" style=\"margin-left:205.55pt;text-align:justify;text-indent:\r\n-7.1pt\"><span style=\"font-size:12.0pt;font-family:&quot;Arial&quot;,sans-serif\">&nbsp;<\/span><\/p>\r\n\r\n<p class=\"MsoNormal\" style=\"text-align:justify\"><b><span style=\"font-size:12.0pt;font-family:&quot;Arial&quot;,sans-serif\">&nbsp;<\/span><\/b><\/p>\r\n\r\n<p class=\"MsoNormal\" style=\"text-align:justify\"><b><span style=\"font-size:12.0pt;font-family:&quot;Arial&quot;,sans-serif\">&nbsp;<\/span><\/b><\/p>\r\n\r\n<p class=\"MsoNormal\" style=\"text-align:justify;text-indent:35.45pt\"><b><span style=\"font-size:12.0pt;font-family:\r\n&quot;Arial&quot;,sans-serif\">O PRESIDENTE DA C\u00c2MARA MUNICIPAL DE A\u00c7AIL\u00c2NDIA<\/span><\/b><span style=\"font-size:12.0pt;font-family:&quot;Arial&quot;,sans-serif\">, Estado do Maranh\u00e3o,\r\nno uso de suas atribui\u00e7\u00f5es legais conferidas pelo Regimento Interno e Lei\r\nOrg\u00e2nica do Munic\u00edpio e.<o:p><\/o:p><\/span><\/p>\r\n\r\n<p class=\"MsoNormal\" style=\"text-align:justify\"><span style=\"font-size:12.0pt;\r\nfont-family:&quot;Arial&quot;,sans-serif\">&nbsp;<\/span><\/p>\r\n\r\n<p class=\"MsoNormal\" style=\"text-align:justify\"><b><span style=\"font-size:12.0pt;font-family:&quot;Arial&quot;,sans-serif\">&nbsp;<\/span><\/b><\/p>\r\n\r\n<p class=\"MsoNormal\" style=\"text-align:justify;text-indent:35.45pt\"><b><span style=\"font-size:12.0pt;font-family:\r\n&quot;Arial&quot;,sans-serif\">CONSIDERANDO LEI MUNICIPAL N\u00ba 473, DE 11 DE JULHO DE 2016<\/span><\/b><span style=\"font-size:12.0pt;font-family:&quot;Arial&quot;,sans-serif\">, que estabelece como\r\nferiados municipais os dias reservados no calend\u00e1rio \u00e0 ter\u00e7a-feira de Carnaval\r\ne ao <i>Corpus Christi<\/i>.<o:p><\/o:p><\/span><\/p>\r\n\r\n<p class=\"MsoNormal\" style=\"text-align:justify\"><span style=\"font-size:12.0pt;\r\nfont-family:&quot;Arial&quot;,sans-serif\">&nbsp;<\/span><\/p>\r\n\r\n<p class=\"MsoNormal\" align=\"center\" style=\"text-align:center\"><b><span style=\"font-size:12.0pt;font-family:&quot;Arial&quot;,sans-serif\">&nbsp;<\/span><\/b><\/p>\r\n\r\n<p class=\"MsoNormal\" align=\"center\" style=\"text-align:center\"><b><span style=\"font-size:12.0pt;font-family:&quot;Arial&quot;,sans-serif\">R E S O L\r\nV E:<o:p><\/o:p><\/span><\/b><\/p>\r\n\r\n<p class=\"MsoNormal\" align=\"center\" style=\"text-align:center\"><b><span style=\"font-size:12.0pt;font-family:&quot;Arial&quot;,sans-serif\">&nbsp;<\/span><\/b><\/p>\r\n\r\n<p class=\"MsoNormal\" style=\"text-align:justify;text-indent:1.0cm\"><b><span style=\"font-size:12.0pt;font-family:\r\n&quot;Arial&quot;,sans-serif\">Art. 1\u00ba <\/span><\/b><span style=\"font-size:12.0pt;\r\nfont-family:&quot;Arial&quot;,sans-serif\">- Fica decretado ponto facultativo na C\u00e2mara\r\nMunicipal de A\u00e7ail\u00e2ndia o expediente do dia 28\/02\/2022 (segunda-feira) ao dia\r\n02\/03\/2022 (quarta-feira), reservado no calend\u00e1rio ao Feriado Municipal de\r\nCarnaval.<o:p><\/o:p><\/span><\/p>\r\n\r\n<p class=\"MsoNormal\" style=\"text-align:justify\"><span style=\"font-size:12.0pt;\r\nfont-family:&quot;Arial&quot;,sans-serif\">&nbsp;<\/span><\/p>\r\n\r\n<p class=\"MsoNormal\" style=\"text-align:justify;text-indent:1.0cm;tab-stops:151.5pt\"><b><span style=\"font-size:12.0pt;font-family:\r\n&quot;Arial&quot;,sans-serif\">Art. 2\u00ba<\/span><\/b><span style=\"font-size:12.0pt;font-family:\r\n&quot;Arial&quot;,sans-serif\"> - - Este Decreto entrar\u00e1 em vigor na data de sua publica\u00e7\u00e3o\r\nde 2022, revogando-se todas as disposi\u00e7\u00f5es em contr\u00e1rio.<o:p><\/o:p><\/span><\/p>\r\n\r\n<p class=\"MsoNormal\" style=\"text-indent:1.0cm\"><span style=\"font-size:12.0pt;\r\nfont-family:&quot;Arial&quot;,sans-serif\">&nbsp;<\/span><\/p>\r\n\r\n<p class=\"MsoNormal\" style=\"text-align:justify\"><span style=\"font-size:12.0pt;\r\nfont-family:&quot;Arial&quot;,sans-serif\">.<o:p><\/o:p><\/span><\/p>\r\n\r\n<p class=\"MsoNormal\" style=\"text-align:justify\"><span style=\"font-size:12.0pt;\r\nfont-family:&quot;Arial&quot;,sans-serif\">&nbsp;<\/span><\/p>\r\n\r\n<p class=\"MsoNormal\" style=\"text-align:justify\"><b><span style=\"font-size:12.0pt;\r\nfont-family:&quot;Arial&quot;,sans-serif\">Gabinete da Presid\u00eancia da C\u00e2mara Municipal de\r\nA\u00e7ail\u00e2ndia, Estado do Maranh\u00e3o, 25 de fevereiro de 2022.<o:p><\/o:p><\/span><\/b><\/p>\r\n\r\n<p class=\"MsoNormal\" style=\"text-align:justify\"><b><span style=\"font-size:12.0pt;\r\nfont-family:&quot;Arial&quot;,sans-serif\">&nbsp;<\/span><\/b><\/p>\r\n\r\n<p class=\"MsoNormal\" style=\"text-align:justify\"><span style=\"font-size:12.0pt;\r\nfont-family:&quot;Arial&quot;,sans-serif\">&nbsp;<\/span><\/p>\r\n\r\n<p class=\"MsoNormal\"><b><span style=\"font-size:12.0pt;font-family:&quot;Arial&quot;,sans-serif\">D\u00ea\r\nCi\u00eancia, Cumpra-se, Publique-se.<o:p><\/o:p><\/span><\/b><\/p>\r\n\r\n<p class=\"MsoNormal\" style=\"text-align:justify\"><span style=\"font-size:12.0pt;\r\nfont-family:&quot;Arial&quot;,sans-serif\">&nbsp;<\/span><\/p>\r\n\r\n<p class=\"MsoNormal\" align=\"center\" style=\"text-align:center\"><span style=\"font-size:12.0pt;font-family:&quot;Arial&quot;,sans-serif\">&nbsp;<\/span><\/p>\r\n\r\n<p class=\"MsoNormal\" align=\"center\" style=\"text-align:center\"><span style=\"font-size:12.0pt;font-family:&quot;Arial&quot;,sans-serif\">&nbsp;<\/span><\/p>\r\n\r\n<p class=\"MsoNormal\" align=\"center\" style=\"text-align:center\"><b><span style=\"font-size:12.0pt;font-family:&quot;Arial&quot;,sans-serif\">FELIBERG\r\nMELO SOUSA<o:p><\/o:p><\/span><\/b><\/p>\r\n\r\n<p class=\"MsoNormal\" align=\"center\" style=\"text-align:center\"><b><span style=\"font-size:12.0pt;font-family:&quot;Arial&quot;,sans-serif\">Presidente\r\nDa C\u00e2mara -<o:p><\/o:p><\/span><\/b><\/p>\r\n\r\n<p style=\"margin-top:0cm;margin-right:2.85pt;margin-bottom:0cm;margin-left:\r\n2.85pt\"><span style=\"font-family:&quot;Arial&quot;,sans-serif\">&nbsp;<\/span><\/p>"
    },
    {
        "Nome": "DECRETO N\u00ba 002\/2022 -  CPL atendimento de forma normal.",
        "Numero": "002",
        "Exercicio": "2022",
        "Descricao": "<p style=\"margin:0cm\"><b><span style=\"font-family:&quot;Arial&quot;,sans-serif\">DECRETO\r\nN\u00ba 002\/2022, DE 15 DE FEVEREIRO DE 2022.<br>\r\n&nbsp;&nbsp;&nbsp;&nbsp;&nbsp;&nbsp;&nbsp;&nbsp;&nbsp;&nbsp;&nbsp;&nbsp;&nbsp;&nbsp;&nbsp;&nbsp;&nbsp;&nbsp;&nbsp;&nbsp;&nbsp;&nbsp;&nbsp;&nbsp;&nbsp;&nbsp;&nbsp;&nbsp;&nbsp;&nbsp;&nbsp;&nbsp;&nbsp;&nbsp;&nbsp;&nbsp;&nbsp;&nbsp;&nbsp;&nbsp;&nbsp;&nbsp;&nbsp;&nbsp;&nbsp;&nbsp;&nbsp;&nbsp;&nbsp;&nbsp;&nbsp;&nbsp;&nbsp;&nbsp;&nbsp;&nbsp;&nbsp;&nbsp;&nbsp;&nbsp;&nbsp;&nbsp;&nbsp;&nbsp;&nbsp;&nbsp;&nbsp;&nbsp;&nbsp;&nbsp;&nbsp;&nbsp;&nbsp;&nbsp;\r\n<o:p><\/o:p><\/span><\/b><\/p>\r\n\r\n<p class=\"MsoNormal\" style=\"margin-left:177.0pt;text-align:justify\"><b><span style=\"font-size:12.0pt;font-family:&quot;Arial&quot;,sans-serif\">&nbsp;&nbsp;&nbsp;&nbsp;&nbsp; <i>\u201cDisp\u00f5e\r\n<a name=\"_Hlk65064254\">sobre os prazos e funcionamento da comiss\u00e3o permanente\r\nde licita\u00e7\u00e3o procedimentos e regras para fins de continuidade dos processos\r\nlicitat\u00f3rias em andamento, no \u00e2mbito da C\u00e2mara Municipal de A\u00e7ail\u00e2ndia<\/a>,\r\nestado do Maranh\u00e3o e da outras providencias\u201d<o:p><\/o:p><\/i><\/span><\/b><\/p>\r\n\r\n<p class=\"MsoNormal\" style=\"text-align:justify\"><span style=\"font-size:12.0pt;\r\nfont-family:&quot;Arial&quot;,sans-serif\">&nbsp;<\/span><\/p>\r\n\r\n<p class=\"MsoNormal\" style=\"text-align:justify\"><span style=\"font-size:12.0pt;\r\nfont-family:&quot;Arial&quot;,sans-serif\">&nbsp;<\/span><\/p>\r\n\r\n<p class=\"MsoNormal\" style=\"text-align:justify;text-indent:2.0cm\"><b><span style=\"font-size:12.0pt;font-family:\r\n&quot;Arial&quot;,sans-serif\">&nbsp;<\/span><\/b><\/p>\r\n\r\n<p class=\"MsoNormal\" style=\"text-align:justify;text-indent:2.0cm\"><b><span style=\"font-size:12.0pt;font-family:\r\n&quot;Arial&quot;,sans-serif\">O PRESIDENTE DA C\u00c2MARA MUNICIPAL DE A\u00c7AIL\u00c2NDIA - MA<\/span><\/b><span style=\"font-size:12.0pt;font-family:&quot;Arial&quot;,sans-serif\">, no uso de suas\r\natribui\u00e7\u00f5es legais que lhe confere o Regimento Interno.<o:p><\/o:p><\/span><\/p>\r\n\r\n<p class=\"MsoNormal\" style=\"text-align:justify;text-indent:2.0cm\"><b><span style=\"font-size:12.0pt;font-family:\r\n&quot;Arial&quot;,sans-serif\">&nbsp;<\/span><\/b><\/p>\r\n\r\n<p class=\"MsoNormal\" align=\"center\" style=\"text-align:center;text-indent:2.0cm\"><b><span style=\"font-size:12.0pt;font-family:\r\n&quot;Arial&quot;,sans-serif\">Resolve:<o:p><\/o:p><\/span><\/b><\/p>\r\n\r\n<p class=\"MsoNormal\" style=\"text-align:justify;text-indent:2.0cm\"><b><span style=\"font-size:12.0pt;font-family:\r\n&quot;Arial&quot;,sans-serif\">&nbsp;<\/span><\/b><\/p>\r\n\r\n<p class=\"MsoNormal\" style=\"text-align:justify;text-indent:2.0cm\"><b><span style=\"font-size:12.0pt;font-family:\r\n&quot;Arial&quot;,sans-serif\">Art. 1\u00ba - <\/span><\/b><span style=\"font-size:12.0pt;\r\nfont-family:&quot;Arial&quot;,sans-serif\">Esta portaria disp\u00f5e sobre os prazos e\r\nfuncionamento da comiss\u00e3o permanente de licita\u00e7\u00e3o procedimentos e regras para\r\nfins de continuidade dos processos licitat\u00f3rias em andamento, no \u00e2mbito da\r\nC\u00e2mara Municipal de A\u00e7ail\u00e2ndia, estado do Maranh\u00e3o e das outras provid\u00eancias.<o:p><\/o:p><\/span><\/p>\r\n\r\n<p class=\"MsoNormal\" style=\"text-align:justify;text-indent:2.0cm\"><b><span style=\"font-size:12.0pt;font-family:\r\n&quot;Arial&quot;,sans-serif\">&nbsp;<\/span><\/b><\/p>\r\n\r\n<p class=\"MsoNormal\" style=\"text-align:justify;text-indent:2.0cm\"><b><span style=\"font-size:12.0pt;font-family:\r\n&quot;Arial&quot;,sans-serif\">Par\u00e1grafo \u00danico. <\/span><\/b><span style=\"font-size:12.0pt;\r\nfont-family:&quot;Arial&quot;,sans-serif\">Durante o per\u00edodo de luto conforme portaria N\u00ba\r\n014\/2022 a comiss\u00e3o permanente de licita\u00e7\u00e3o - CPL funcionar\u00e1 seu atendimento de\r\nforma normal.<o:p><\/o:p><\/span><\/p>\r\n\r\n<p class=\"MsoNormal\" style=\"text-align:justify;text-indent:2.0cm\"><b><span style=\"font-size: 12pt; font-family: Arial, sans-serif; color: rgb(32, 33, 36); background-image: initial; background-position: initial; background-size: initial; background-repeat: initial; background-attachment: initial; background-origin: initial; background-clip: initial;\">&nbsp;<\/span><\/b><\/p>\r\n\r\n<p class=\"MsoNormal\" style=\"text-align:justify;text-indent:1.0cm;tab-stops:151.5pt\"><b><span style=\"font-size: 12pt; font-family: Arial, sans-serif; color: rgb(32, 33, 36); background-image: initial; background-position: initial; background-size: initial; background-repeat: initial; background-attachment: initial; background-origin: initial; background-clip: initial;\">Art. 2\u00ba<\/span><\/b><span style=\"font-size: 12pt; font-family: Arial, sans-serif; color: rgb(32, 33, 36); background-image: initial; background-position: initial; background-size: initial; background-repeat: initial; background-attachment: initial; background-origin: initial; background-clip: initial;\"> - <\/span><span style=\"font-size:12.0pt;font-family:&quot;Arial&quot;,sans-serif\">Este\r\nDecreto entrar\u00e1 em vigor na data de sua publica\u00e7\u00e3o de 2022, revogando-se todas\r\nas disposi\u00e7\u00f5es em contr\u00e1rio.<o:p><\/o:p><\/span><\/p>\r\n\r\n<p class=\"MsoNormal\" style=\"text-indent:1.0cm\"><span style=\"font-size:12.0pt;\r\nfont-family:&quot;Arial&quot;,sans-serif\">&nbsp;<\/span><\/p>\r\n\r\n<p class=\"MsoNormal\" style=\"text-align:justify;text-indent:2.0cm\"><span style=\"font-size: 12pt; font-family: Arial, sans-serif; color: rgb(32, 33, 36); background-image: initial; background-position: initial; background-size: initial; background-repeat: initial; background-attachment: initial; background-origin: initial; background-clip: initial;\">&nbsp;<\/span><\/p>\r\n\r\n<p class=\"MsoNormal\" style=\"text-align:justify;text-indent:2.0cm\"><span style=\"font-size:12.0pt;font-family:&quot;Arial&quot;,sans-serif\">&nbsp;<\/span><\/p>\r\n\r\n<p class=\"MsoNormal\" align=\"center\" style=\"text-align:center;text-indent:2.0cm\"><span style=\"font-size:12.0pt;font-family:&quot;Arial&quot;,sans-serif\">A\u00e7ail\u00e2ndia - MA, 15 de\r\nfevereiro de 2022.<o:p><\/o:p><\/span><\/p>\r\n\r\n<p class=\"MsoNormal\" align=\"center\" style=\"text-align:center\"><b><u><span style=\"font-size:12.0pt;font-family:&quot;Arial&quot;,sans-serif\">&nbsp;<\/span><\/u><\/b><\/p>\r\n\r\n<p align=\"center\" style=\"margin:0cm;text-align:center\"><b><span style=\"font-family:\r\n&quot;Arial&quot;,sans-serif\">&nbsp;<\/span><\/b><\/p>\r\n\r\n<p class=\"MsoNormal\"><b><span style=\"font-size:12.0pt;font-family:&quot;Arial&quot;,sans-serif\">&nbsp;<\/span><\/b><\/p>\r\n\r\n<p class=\"MsoNormal\"><b><span style=\"font-size:12.0pt;font-family:&quot;Arial&quot;,sans-serif\">&nbsp;<\/span><\/b><\/p>\r\n\r\n<p class=\"MsoNormal\"><b><span style=\"font-size:12.0pt;font-family:&quot;Arial&quot;,sans-serif\">D\u00ea\r\nCi\u00eancia, Cumpra-se, Publique-se.<o:p><\/o:p><\/span><\/b><\/p>\r\n\r\n<p class=\"MsoNormal\" align=\"center\" style=\"text-align:center\"><b><span style=\"font-size:12.0pt;font-family:&quot;Arial&quot;,sans-serif\">&nbsp;<\/span><\/b><\/p>\r\n\r\n<p class=\"MsoNormal\" align=\"center\" style=\"text-align:center\"><b><span style=\"font-size:12.0pt;font-family:&quot;Arial&quot;,sans-serif\">&nbsp;<\/span><\/b><\/p>\r\n\r\n<p class=\"MsoNormal\" align=\"center\" style=\"text-align:center\"><b><span style=\"font-size:12.0pt;font-family:&quot;Arial&quot;,sans-serif\">&nbsp;<\/span><\/b><\/p>\r\n\r\n<p class=\"MsoNormal\" align=\"center\" style=\"text-align:center\"><b><span style=\"font-size:12.0pt;font-family:&quot;Arial&quot;,sans-serif\">&nbsp;<\/span><\/b><\/p>\r\n\r\n<p class=\"MsoNormal\" align=\"center\" style=\"text-align:center\"><b><span style=\"font-size:12.0pt;font-family:&quot;Arial&quot;,sans-serif\">FELIBERG MELO SOUSA<br>\r\nPresidente da C\u00e2mara<o:p><\/o:p><\/span><\/b><\/p>"
    },
    {
        "Nome": "DECRETO N\u00b0001\/2022 - LUTO",
        "Numero": "001",
        "Exercicio": "2022",
        "Descricao": "<p style=\"margin:0cm\"><b><span style=\"font-family:\" arial\",sans-serif\"=\"\">DECRETO\r\nN\u00ba 001\/2022 DE 15 DE FEVEREIRO DE 2022.<br>\r\n&nbsp;&nbsp;&nbsp;&nbsp;&nbsp;&nbsp;&nbsp;&nbsp;&nbsp;&nbsp;&nbsp;&nbsp;&nbsp;&nbsp;&nbsp;&nbsp;&nbsp;&nbsp;&nbsp;&nbsp;&nbsp;&nbsp;&nbsp;&nbsp;&nbsp;&nbsp;&nbsp;&nbsp;&nbsp;&nbsp;&nbsp;&nbsp;&nbsp;&nbsp;&nbsp;&nbsp;&nbsp;&nbsp;&nbsp;&nbsp;&nbsp;&nbsp;&nbsp;&nbsp;&nbsp;&nbsp;&nbsp;&nbsp;&nbsp;&nbsp;&nbsp;&nbsp;&nbsp;&nbsp;&nbsp;&nbsp;&nbsp;&nbsp;&nbsp;&nbsp;&nbsp;&nbsp;&nbsp;&nbsp;&nbsp;&nbsp;&nbsp;&nbsp;&nbsp;&nbsp;&nbsp;&nbsp;&nbsp;&nbsp;\r\n<o:p><\/o:p><\/span><\/b><\/p>\r\n\r\n<p style=\"margin:0cm\"><b><span style=\"font-family:\" arial\",sans-serif\"=\"\">&nbsp;&nbsp;&nbsp;&nbsp;&nbsp;&nbsp;&nbsp;&nbsp;&nbsp;&nbsp;&nbsp;&nbsp;&nbsp;&nbsp;&nbsp;&nbsp;&nbsp;&nbsp;&nbsp;&nbsp;&nbsp;&nbsp; <o:p><\/o:p><\/span><\/b><\/p>\r\n\r\n<p class=\"MsoNormal\" style=\"margin-top:8.0pt;text-align:justify;text-indent:35.45pt;\r\nline-height:150%\"><span style=\"font-size:12.0pt;line-height:150%;font-family:\r\n\" arial\",sans-serif\"=\"\">C\u00e2mara Municipal de A\u00e7ail\u00e2ndia, 15 de fevereiro de 2022.<o:p><\/o:p><\/span><\/p>\r\n\r\n<p class=\"MsoNormal\" style=\"margin-top:8.0pt;margin-right:0cm;margin-bottom:0cm;\r\nmargin-left:5.0cm;margin-bottom:.0001pt;text-align:justify\"><b><span style=\"font-size:12.0pt;font-family:\" arial\",sans-serif\"=\"\">\u201cDisp\u00f5e a Decreta\u00e7\u00e3o de\r\nLuto Oficial na C\u00e2mara Municipal de A\u00e7ail\u00e2ndia \u2013 MA e d\u00e1 outras provid\u00eancias.\u201d<o:p><\/o:p><\/span><\/b><\/p>\r\n\r\n<p class=\"MsoNormal\" style=\"margin-top:8.0pt;text-align:justify;text-indent:35.45pt\"><b><span style=\"font-size:12.0pt;font-family:\" arial\",sans-serif\"=\"\">&nbsp;<\/span><\/b><\/p>\r\n\r\n<p class=\"MsoNormal\" style=\"margin-top:8.0pt;text-align:justify;text-indent:35.45pt\"><b><span style=\"font-size:12.0pt;font-family:\" arial\",sans-serif\"=\"\">O Presidente da C\u00e2mara\r\nMunicipal de A\u00e7ail\u00e2ndia - MA, no uso de suas atribui\u00e7\u00f5es legais.<o:p><\/o:p><\/span><\/b><\/p>\r\n\r\n<p class=\"MsoNormal\" style=\"text-align:justify\"><b><span style=\"font-size:12.0pt;font-family:\" arial\",sans-serif\"=\"\">&nbsp;<\/span><\/b><\/p>\r\n\r\n<p class=\"MsoNormal\" align=\"center\" style=\"margin-top:6.0pt;text-align:center\"><b><u><span style=\"font-size:12.0pt;\r\nfont-family:\" arial\",sans-serif\"=\"\">Resolve:<o:p><\/o:p><\/span><\/u><\/b><\/p>\r\n\r\n<p class=\"MsoNormal\" style=\"margin-top:6.0pt;text-align:justify;text-indent:35.45pt\"><b><span style=\"font-size:12.0pt;font-family:\" arial\",sans-serif\"=\"\">&nbsp;<\/span><\/b><\/p>\r\n\r\n<p class=\"MsoNormal\" style=\"margin-top:6.0pt;text-align:justify;text-indent:35.45pt\"><b><span style=\"font-size:12.0pt;font-family:\" arial\",sans-serif\"=\"\">Art. 1\u00ba<\/span><\/b><span style=\"font-size:12.0pt;font-family:\" arial\",sans-serif\"=\"\"> - Decretar luto\r\noficial da C\u00e2mara Municipal de A\u00e7ail\u00e2ndia, Estado do Maranh\u00e3o em raz\u00e3o do\r\nfalecimento da Sr.\u00aa <b>ROBENHA MARIA SOUSA PEREIRA DE JESUS<\/b> (Vereadora da\r\nC\u00e2mara Municipal de A\u00e7ail\u00e2ndia).<o:p><\/o:p><\/span><\/p>\r\n\r\n<p class=\"MsoNormal\" style=\"margin-top:6.0pt;text-align:justify;text-indent:35.45pt\"><b><span style=\"font-size:12.0pt;font-family:\" arial\",sans-serif\"=\"\">&nbsp;<\/span><\/b><\/p>\r\n\r\n<p class=\"MsoNormal\" style=\"margin-top:6.0pt;text-align:justify;text-indent:35.45pt\"><b><span style=\"font-size:12.0pt;font-family:\" arial\",sans-serif\"=\"\">Art. 2\u00ba<\/span><\/b><span style=\"font-size:12.0pt;font-family:\" arial\",sans-serif\"=\"\"> - Em raz\u00e3o do luto\r\ndecretado no artigo anterior fica suspenso o expediente normal desta Casa de\r\nleis nos dias 15, 16, 17 e 18 de fevereiro de 2022.<o:p><\/o:p><\/span><\/p>\r\n\r\n<p class=\"MsoNormal\" style=\"text-align:justify;text-indent:1.0cm;tab-stops:151.5pt\"><b><span style=\"font-size:12.0pt;font-family:\" arial\",sans-serif\"=\"\">&nbsp;<\/span><\/b><\/p>\r\n\r\n<p class=\"MsoNormal\" style=\"text-align:justify;text-indent:1.0cm;tab-stops:151.5pt\"><b><span style=\"font-size:12.0pt;font-family:\" arial\",sans-serif\"=\"\">Art. 3\u00ba<\/span><\/b><span style=\"font-size:12.0pt;font-family:\" arial\",sans-serif\"=\"\"> - Este Decreto entrar\u00e1\r\nem vigor na data de sua publica\u00e7\u00e3o de 2022, revogando-se todas as disposi\u00e7\u00f5es\r\nem contr\u00e1rio.<o:p><\/o:p><\/span><\/p>\r\n\r\n<p class=\"MsoNormal\" style=\"text-indent:1.0cm\"><span style=\"font-size:12.0pt;\r\nfont-family:\" arial\",sans-serif\"=\"\">&nbsp;<\/span><\/p>\r\n\r\n<p class=\"MsoNormal\" align=\"center\" style=\"margin-top:6.0pt;text-align:center\"><b><span style=\"font-size:12.0pt;font-family:\" arial\",sans-serif\"=\"\">&nbsp;<\/span><\/b><\/p>\r\n\r\n<p class=\"MsoNormal\" style=\"margin-top:6.0pt\"><b><span style=\"font-size:12.0pt;\r\nfont-family:\" arial\",sans-serif\"=\"\">GABINETE DA PRESID\u00caNCIA DA C\u00c2MARA MUNICIPAL DE\r\nA\u00c7AIL\u00c2NDIA, ESTADO DO MARANH\u00c3O.<u><o:p><\/o:p><\/u><\/span><\/b><\/p>\r\n\r\n<p style=\"margin:0cm\"><span style=\"font-family:\" arial\",sans-serif\"=\"\">&nbsp;<\/span><\/p>\r\n\r\n<p class=\"MsoNoSpacing\"><span style=\"font-size:12.0pt;font-family:\" arial\",sans-serif\"=\"\">&nbsp;<\/span><\/p>\r\n\r\n<p class=\"MsoNormal\" align=\"center\" style=\"text-align:center\"><b><span style=\"font-size:12.0pt;font-family:\" arial\",sans-serif\"=\"\">&nbsp;<\/span><\/b><\/p>\r\n\r\n<p class=\"MsoNormal\"><b><span style=\"font-size:12.0pt;font-family:\" arial\",sans-serif\"=\"\">D\u00ea\r\nCi\u00eancia, Cumpra-se, Publique-se.<o:p><\/o:p><\/span><\/b><\/p>\r\n\r\n<p class=\"MsoNormal\" align=\"center\" style=\"text-align:center\"><b><span style=\"font-size:12.0pt;font-family:\" arial\",sans-serif\"=\"\">&nbsp;<\/span><\/b><\/p>\r\n\r\n<p class=\"MsoNormal\" align=\"center\" style=\"text-align:center\"><b><span style=\"font-size:12.0pt;font-family:\" arial\",sans-serif\"=\"\">&nbsp;<\/span><\/b><\/p>\r\n\r\n<p class=\"MsoNormal\" align=\"center\" style=\"text-align:center\"><b><span style=\"font-size:12.0pt;font-family:\" arial\",sans-serif\"=\"\">&nbsp;<\/span><\/b><\/p>\r\n\r\n<p class=\"MsoNormal\" align=\"center\" style=\"text-align:center\"><b><span style=\"font-size:12.0pt;font-family:\" arial\",sans-serif\"=\"\">FELIBERG MELO SOUSA<br>\r\nPresidente da C\u00e2mara<o:p><\/o:p><\/span><\/b><\/p>\r\n\r\n<p class=\"MsoHeading7\"><span style=\"font-size:12.0pt;mso-bidi-font-family:Arial\">&nbsp;<\/span><\/p>\r\n\r\n<p class=\"MsoNormal\" align=\"center\" style=\"text-align:center\"><span style=\"font-size:12.0pt;font-family:\" arial\",sans-serif\"=\"\">&nbsp;<\/span><\/p>\r\n\r\n<p class=\"MsoNormal\"><span style=\"font-size:12.0pt;font-family:\" arial\",sans-serif\"=\"\">&nbsp; &nbsp; &nbsp; &nbsp; &nbsp; &nbsp; &nbsp; &nbsp; &nbsp; &nbsp;<span style=\"color:black\"><o:p><\/o:p><\/span><\/span><\/p>"
    }
]